{"id":20801,"date":"2025-03-11T13:08:34","date_gmt":"2025-03-11T13:08:34","guid":{"rendered":"https:\/\/www.paucostafoundation.org\/ciencia-y-arte-para-comprender-los-incendios-forestales-organizamos-la-jornada-piroecologias-junto-con-el-museo-nacional-thyssen-bornemisza-tba21-academy-el-centro-nacional-de-supercomputacion-y-la\/"},"modified":"2025-03-11T15:54:24","modified_gmt":"2025-03-11T15:54:24","slug":"science-and-art-to-tackle-wildfires","status":"publish","type":"post","link":"https:\/\/www.paucostafoundation.org\/en\/science-and-art-to-tackle-wildfires\/","title":{"rendered":"Science and art to tackle wildfires"},"content":{"rendered":"\n<p>Yesterday, March 10, the first session of the interdisciplinary Pyroecologies conference was held at the <a href=\"https:\/\/bsc.es\/es\">Barcelona Supercomputing Center-Centro Nacional de Supercomputaci\u00f3n (BSC-CNS)<\/a>, where the Pau Costa Foundation played a fundamental role both in the organization and in active participation.<\/p>\n\n\n\n<p>Pyroecologies is part of the <a href=\"https:\/\/tba21.org\/organismoanouno\">Organismo | Arte en ecolog\u00edas cr\u00edticas aplicadas<\/a> programme, an experimental initiative promoted by <a href=\"https:\/\/tba21.org\/academy\">TBA21\u2013Academy<\/a> and the <a href=\"https:\/\/www.museothyssen.org\/\">Museo Nacional Thyssen-Bornemisza<\/a> in collaboration with the <a href=\"https:\/\/www.fecyt.es\/\">Fundaci\u00f3n Espa\u00f1ola para la Ciencia y la Tecnolog\u00eda (FECYT)<\/a>, the <a href=\"https:\/\/www.bsc.es\/discover-bsc\/organisation\/scientific-structure\/earth-sciences\">Departamento de Ciencias de la Tierra del BSC-CNS<\/a> and the Pau Costa Foundation (PCF). A collaboration that offers a unique opportunity to delve deeper into the study of fires from an interdisciplinary perspective and to encourage the exchange of knowledge between artists, scientists, managers and civil society.<\/p>\n\n\n\n<p>The scientific conference brought together experts from various fields to allow attendees to analyse the role of fire in the Earth system, understanding its multiple and often contradictory roles in terrestrial and marine ecosystems, and in society.<\/p>\n\n\n\n<p><strong>Lina Teckentrup<\/strong>, <strong>Elisa Bergas-Mass\u00f3<\/strong> and <strong>Joan Llort<\/strong>, from the Department of Earth Sciences at BSC, addressed the role of fire in the global carbon cycle. Elsa Pastor, from the <a href=\"https:\/\/www.upc.edu\/es?set_language=es\">Universitat Polit\u00e8cnica de Catalunya<\/a>, addressed the challenges of fire in the urban-forest interface, while <strong>Pepa Mor\u00e1n<\/strong> (<a href=\"https:\/\/etsab.upc.edu\/es?set_language=es\">ETSAB-UPC<\/a>) and <strong>Isa Riera<\/strong> (PCF) spoke about the relationship between fire-landscape and fire-biodiversity, respectively.<\/p>\n\n\n\n<div class=\"wp-block-columns is-layout-flex wp-container-core-columns-is-layout-1 wp-block-columns-is-layout-flex\">\n<div class=\"wp-block-column is-layout-flow wp-block-column-is-layout-flow\">\n<figure class=\"wp-block-image size-large\"><a href=\"https:\/\/www.paucostafoundation.org\/wp-content\/uploads\/2025\/03\/WhatsApp-Image-2025-03-11-at-12.58.01-1024x768.jpeg\"><img fetchpriority=\"high\" decoding=\"async\" width=\"1024\" height=\"768\" src=\"https:\/\/www.paucostafoundation.org\/wp-content\/uploads\/2025\/03\/WhatsApp-Image-2025-03-11-at-12.58.01-1024x768.jpeg\" alt=\"\" class=\"wp-image-20788\" srcset=\"https:\/\/www.paucostafoundation.org\/wp-content\/uploads\/2025\/03\/WhatsApp-Image-2025-03-11-at-12.58.01-1024x768.jpeg 1024w, https:\/\/www.paucostafoundation.org\/wp-content\/uploads\/2025\/03\/WhatsApp-Image-2025-03-11-at-12.58.01-300x225.jpeg 300w, https:\/\/www.paucostafoundation.org\/wp-content\/uploads\/2025\/03\/WhatsApp-Image-2025-03-11-at-12.58.01-768x576.jpeg 768w, https:\/\/www.paucostafoundation.org\/wp-content\/uploads\/2025\/03\/WhatsApp-Image-2025-03-11-at-12.58.01-1536x1152.jpeg 1536w, https:\/\/www.paucostafoundation.org\/wp-content\/uploads\/2025\/03\/WhatsApp-Image-2025-03-11-at-12.58.01-600x450.jpeg 600w, https:\/\/www.paucostafoundation.org\/wp-content\/uploads\/2025\/03\/WhatsApp-Image-2025-03-11-at-12.58.01.jpeg 1600w\" sizes=\"(max-width: 1024px) 100vw, 1024px\" \/><\/a><figcaption class=\"wp-element-caption\">Joan Llort &#8211; <a href=\"https:\/\/www.bsc.es\/discover-bsc\/organisation\/scientific-structure\/earth-sciences\">Departament de Ci\u00e8ncies de la Terra BSC-CNS<\/a><\/figcaption><\/figure>\n<\/div>\n\n\n\n<div class=\"wp-block-column is-layout-flow wp-block-column-is-layout-flow\">\n<figure class=\"wp-block-image size-large\"><a href=\"https:\/\/www.paucostafoundation.org\/wp-content\/uploads\/2025\/03\/WhatsApp-Image-2025-03-11-at-12.30.12-4-1024x768.jpeg\"><img decoding=\"async\" width=\"1024\" height=\"768\" src=\"https:\/\/www.paucostafoundation.org\/wp-content\/uploads\/2025\/03\/WhatsApp-Image-2025-03-11-at-12.30.12-4-1024x768.jpeg\" alt=\"\" class=\"wp-image-20791\" srcset=\"https:\/\/www.paucostafoundation.org\/wp-content\/uploads\/2025\/03\/WhatsApp-Image-2025-03-11-at-12.30.12-4-1024x768.jpeg 1024w, https:\/\/www.paucostafoundation.org\/wp-content\/uploads\/2025\/03\/WhatsApp-Image-2025-03-11-at-12.30.12-4-300x225.jpeg 300w, https:\/\/www.paucostafoundation.org\/wp-content\/uploads\/2025\/03\/WhatsApp-Image-2025-03-11-at-12.30.12-4-768x576.jpeg 768w, https:\/\/www.paucostafoundation.org\/wp-content\/uploads\/2025\/03\/WhatsApp-Image-2025-03-11-at-12.30.12-4-1536x1152.jpeg 1536w, https:\/\/www.paucostafoundation.org\/wp-content\/uploads\/2025\/03\/WhatsApp-Image-2025-03-11-at-12.30.12-4-600x450.jpeg 600w, https:\/\/www.paucostafoundation.org\/wp-content\/uploads\/2025\/03\/WhatsApp-Image-2025-03-11-at-12.30.12-4.jpeg 1600w\" sizes=\"(max-width: 1024px) 100vw, 1024px\" \/><\/a><figcaption class=\"wp-element-caption\">Elsa Pastor &#8211; <a href=\"https:\/\/www.upc.edu\/es?set_language=es\">Universitat Polit\u00e8cnica de Catalunya<\/a><\/figcaption><\/figure>\n<\/div>\n<\/div>\n\n\n\n<div class=\"wp-block-columns is-layout-flex wp-container-core-columns-is-layout-2 wp-block-columns-is-layout-flex\">\n<div class=\"wp-block-column is-layout-flow wp-block-column-is-layout-flow\">\n<figure class=\"wp-block-image size-large is-resized\"><a href=\"https:\/\/www.paucostafoundation.org\/wp-content\/uploads\/2025\/03\/WhatsApp-Image-2025-03-11-at-12.30.11-2-1024x768.jpeg\"><img decoding=\"async\" width=\"1024\" height=\"768\" src=\"https:\/\/www.paucostafoundation.org\/wp-content\/uploads\/2025\/03\/WhatsApp-Image-2025-03-11-at-12.30.11-2-1024x768.jpeg\" alt=\"\" class=\"wp-image-20764\" style=\"width:416px;height:auto\" srcset=\"https:\/\/www.paucostafoundation.org\/wp-content\/uploads\/2025\/03\/WhatsApp-Image-2025-03-11-at-12.30.11-2-1024x768.jpeg 1024w, https:\/\/www.paucostafoundation.org\/wp-content\/uploads\/2025\/03\/WhatsApp-Image-2025-03-11-at-12.30.11-2-300x225.jpeg 300w, https:\/\/www.paucostafoundation.org\/wp-content\/uploads\/2025\/03\/WhatsApp-Image-2025-03-11-at-12.30.11-2-768x576.jpeg 768w, https:\/\/www.paucostafoundation.org\/wp-content\/uploads\/2025\/03\/WhatsApp-Image-2025-03-11-at-12.30.11-2-1536x1152.jpeg 1536w, https:\/\/www.paucostafoundation.org\/wp-content\/uploads\/2025\/03\/WhatsApp-Image-2025-03-11-at-12.30.11-2-600x450.jpeg 600w, https:\/\/www.paucostafoundation.org\/wp-content\/uploads\/2025\/03\/WhatsApp-Image-2025-03-11-at-12.30.11-2.jpeg 1600w\" sizes=\"(max-width: 1024px) 100vw, 1024px\" \/><\/a><figcaption class=\"wp-element-caption\">Pepa Mor\u00e1n &#8211; <a href=\"https:\/\/etsab.upc.edu\/es?set_language=es\">ETSAB-UPC<\/a><\/figcaption><\/figure>\n<\/div>\n\n\n\n<div class=\"wp-block-column is-layout-flow wp-block-column-is-layout-flow\">\n<figure class=\"wp-block-image size-large\"><a href=\"https:\/\/www.paucostafoundation.org\/wp-content\/uploads\/2025\/03\/WhatsApp-Image-2025-03-11-at-12.30.12-2-1024x768.jpeg\"><img loading=\"lazy\" decoding=\"async\" width=\"1024\" height=\"768\" src=\"https:\/\/www.paucostafoundation.org\/wp-content\/uploads\/2025\/03\/WhatsApp-Image-2025-03-11-at-12.30.12-2-1024x768.jpeg\" alt=\"\" class=\"wp-image-20776\" srcset=\"https:\/\/www.paucostafoundation.org\/wp-content\/uploads\/2025\/03\/WhatsApp-Image-2025-03-11-at-12.30.12-2-1024x768.jpeg 1024w, https:\/\/www.paucostafoundation.org\/wp-content\/uploads\/2025\/03\/WhatsApp-Image-2025-03-11-at-12.30.12-2-300x225.jpeg 300w, https:\/\/www.paucostafoundation.org\/wp-content\/uploads\/2025\/03\/WhatsApp-Image-2025-03-11-at-12.30.12-2-768x576.jpeg 768w, https:\/\/www.paucostafoundation.org\/wp-content\/uploads\/2025\/03\/WhatsApp-Image-2025-03-11-at-12.30.12-2-1536x1152.jpeg 1536w, https:\/\/www.paucostafoundation.org\/wp-content\/uploads\/2025\/03\/WhatsApp-Image-2025-03-11-at-12.30.12-2-600x450.jpeg 600w, https:\/\/www.paucostafoundation.org\/wp-content\/uploads\/2025\/03\/WhatsApp-Image-2025-03-11-at-12.30.12-2.jpeg 1600w\" sizes=\"(max-width: 1024px) 100vw, 1024px\" \/><\/a><figcaption class=\"wp-element-caption\">Isa Riera from the Pau Costa Foundation<\/figcaption><\/figure>\n<\/div>\n<\/div>\n\n\n\n<p>Social and scientific communication aspects were also addressed by <strong>Albert Soret<\/strong> (BSC) and <strong>Ra\u00fal Marcos<\/strong> (<a href=\"http:\/\/Universitat de Barcelona\">Universitat de Barcelona<\/a>, \u200b\u200bUB), who presented their contribution to the <a href=\"https:\/\/www.bsc.es\/es\/research-and-development\/projects\/medewsa-mediterranean-and-pan-european-forecast-and-early-warning\">MEDEWSA<\/a> project on risk communication, <strong>Kathleen Uyttewaal<\/strong>, from the European <a href=\"https:\/\/pyrolife.lessonsonfire.eu\/\">PyroLife<\/a> project, discussed the role of addressing fire with local communities, and <strong>Helena Ballart<\/strong> (PCF), together with <strong>Mia Morante<\/strong> (PCF), described the education and art projects led by their foundation. The day was completed with a visit to the BSC supercomputers and a space for discussion with the participants of the Pyroecologies case study, which included a talk by the curator and director of the <a href=\"https:\/\/www.dissenyhub.barcelona\/es\">Disseny Hub Barcelona<\/a> Jos\u00e9 Luis de Vicente on anthropogenic noise pollution in the ocean, thus establishing a connection with the sea.<\/p>\n\n\n\n<div class=\"wp-block-columns is-layout-flex wp-container-core-columns-is-layout-3 wp-block-columns-is-layout-flex\">\n<div class=\"wp-block-column is-layout-flow wp-block-column-is-layout-flow\">\n<figure class=\"wp-block-image size-large\"><a href=\"https:\/\/www.paucostafoundation.org\/wp-content\/uploads\/2025\/03\/WhatsApp-Image-2025-03-11-at-12.30.10-1024x768.jpeg\"><img loading=\"lazy\" decoding=\"async\" width=\"1024\" height=\"768\" src=\"https:\/\/www.paucostafoundation.org\/wp-content\/uploads\/2025\/03\/WhatsApp-Image-2025-03-11-at-12.30.10-1024x768.jpeg\" alt=\"\" class=\"wp-image-20767\" srcset=\"https:\/\/www.paucostafoundation.org\/wp-content\/uploads\/2025\/03\/WhatsApp-Image-2025-03-11-at-12.30.10-1024x768.jpeg 1024w, https:\/\/www.paucostafoundation.org\/wp-content\/uploads\/2025\/03\/WhatsApp-Image-2025-03-11-at-12.30.10-300x225.jpeg 300w, https:\/\/www.paucostafoundation.org\/wp-content\/uploads\/2025\/03\/WhatsApp-Image-2025-03-11-at-12.30.10-768x576.jpeg 768w, https:\/\/www.paucostafoundation.org\/wp-content\/uploads\/2025\/03\/WhatsApp-Image-2025-03-11-at-12.30.10-1536x1152.jpeg 1536w, https:\/\/www.paucostafoundation.org\/wp-content\/uploads\/2025\/03\/WhatsApp-Image-2025-03-11-at-12.30.10-600x450.jpeg 600w, https:\/\/www.paucostafoundation.org\/wp-content\/uploads\/2025\/03\/WhatsApp-Image-2025-03-11-at-12.30.10.jpeg 1600w\" sizes=\"(max-width: 1024px) 100vw, 1024px\" \/><\/a><figcaption class=\"wp-element-caption\">Helena Ballart from the Pau Costa Foundation<\/figcaption><\/figure>\n<\/div>\n\n\n\n<div class=\"wp-block-column is-layout-flow wp-block-column-is-layout-flow\">\n<figure class=\"wp-block-image size-large\"><a href=\"https:\/\/www.paucostafoundation.org\/wp-content\/uploads\/2025\/03\/WhatsApp-Image-2025-03-11-at-12.30.12-1-1-1024x768.jpeg\"><img loading=\"lazy\" decoding=\"async\" width=\"1024\" height=\"768\" src=\"https:\/\/www.paucostafoundation.org\/wp-content\/uploads\/2025\/03\/WhatsApp-Image-2025-03-11-at-12.30.12-1-1-1024x768.jpeg\" alt=\"\" class=\"wp-image-20779\" srcset=\"https:\/\/www.paucostafoundation.org\/wp-content\/uploads\/2025\/03\/WhatsApp-Image-2025-03-11-at-12.30.12-1-1-1024x768.jpeg 1024w, https:\/\/www.paucostafoundation.org\/wp-content\/uploads\/2025\/03\/WhatsApp-Image-2025-03-11-at-12.30.12-1-1-300x225.jpeg 300w, https:\/\/www.paucostafoundation.org\/wp-content\/uploads\/2025\/03\/WhatsApp-Image-2025-03-11-at-12.30.12-1-1-768x576.jpeg 768w, https:\/\/www.paucostafoundation.org\/wp-content\/uploads\/2025\/03\/WhatsApp-Image-2025-03-11-at-12.30.12-1-1-1536x1152.jpeg 1536w, https:\/\/www.paucostafoundation.org\/wp-content\/uploads\/2025\/03\/WhatsApp-Image-2025-03-11-at-12.30.12-1-1-600x450.jpeg 600w, https:\/\/www.paucostafoundation.org\/wp-content\/uploads\/2025\/03\/WhatsApp-Image-2025-03-11-at-12.30.12-1-1.jpeg 1600w\" sizes=\"(max-width: 1024px) 100vw, 1024px\" \/><\/a><figcaption class=\"wp-element-caption\">Kathleen Uyttewaal, Pyrolife project <\/figcaption><\/figure>\n<\/div>\n<\/div>\n\n\n\n<p>The day is part of a week of activities in which participants from Organismo will visit Barcelona and the Catalan community to learn about the management and research of the previous work. Some of the planned activities are a visit to an area burned during the summer of 2024 in the Priorat region accompanied by the head of the <a href=\"https:\/\/interior.gencat.cat\/ca\/arees_dactuacio\/bombers\/borses-de-treball-de-la-dgpeis\/ampliacio-i-manteniment-de-borses-de-treball\/Manteniment-de-la-borsa\/Grup-dactuacions-forestals-GRAF\">Grup d\u2019Actuacions Forestals<\/a> of Tarragona, <strong>Ricard Exp\u00f3sito<\/strong>, and the fire ecology expert <strong>Pere Casals<\/strong> from the <a href=\"https:\/\/www.ctfc.cat\/\">Centre de Ci\u00e8ncia i Tecnologia Forestal de Catalunya<\/a>(CTFC), and a meeting with <strong>Dani Giraldo<\/strong>, a shepherd who is part of the <a href=\"https:\/\/www.ramatsdefoc.org\/\">Ramats de Foc<\/a> (Fire Flocks) project of the PCF. <\/p>\n\n\n\n<p>After this week, the group of Organismo participants will work on all the content and material collected during the different meetings to develop a performative translation of the research carried out at the Organismo public event, scheduled for June 20, 2025 at the Museo Nacional Thyssen-Bornemisza in Madrid, as well as a digital presentation on the platform. <a href=\"https:\/\/www.stage.tba21.org\/\">TBA21 on stage<\/a>.<\/p>\n","protected":false},"excerpt":{"rendered":"<p>Yesterday, March 10, the first session of the interdisciplinary Pyroecologies conference was held at the Barcelona Supercomputing Center-Centro Nacional de Supercomputaci\u00f3n (BSC-CNS), where the Pau Costa Foundation played a fundamental role both in the organization and in active participation. Pyroecologies is part of the Organismo | Arte en ecolog\u00edas cr\u00edticas aplicadas programme, an experimental initiative [&hellip;]<\/p>\n","protected":false},"author":1007,"featured_media":20769,"comment_status":"open","ping_status":"open","sticky":false,"template":"","format":"standard","meta":{"_acf_changed":false,"give_campaign_id":0,"footnotes":""},"categories":[40],"tags":[],"class_list":["post-20801","post","type-post","status-publish","format-standard","has-post-thumbnail","hentry","category-actualidad-en"],"acf":[],"yoast_head":"<!-- This site is optimized with the Yoast SEO plugin v26.3 - https:\/\/yoast.com\/wordpress\/plugins\/seo\/ -->\n<title>Science and art to tackle wildfires<\/title>\n<meta name=\"robots\" content=\"index, follow, max-snippet:-1, max-image-preview:large, max-video-preview:-1\" \/>\n<link rel=\"canonical\" href=\"https:\/\/www.paucostafoundation.org\/en\/science-and-art-to-tackle-wildfires\/\" \/>\n<meta property=\"og:locale\" content=\"en_US\" \/>\n<meta property=\"og:type\" content=\"article\" \/>\n<meta property=\"og:title\" content=\"Science and art to tackle wildfires\" \/>\n<meta property=\"og:description\" content=\"Yesterday, March 10, the first session of the interdisciplinary Pyroecologies conference was held at the Barcelona Supercomputing Center-Centro Nacional de Supercomputaci\u00f3n (BSC-CNS), where the Pau Costa Foundation played a fundamental role both in the organization and in active participation. Pyroecologies is part of the Organismo | Arte en ecolog\u00edas cr\u00edticas aplicadas programme, an experimental initiative [&hellip;]\" \/>\n<meta property=\"og:url\" content=\"https:\/\/www.paucostafoundation.org\/en\/science-and-art-to-tackle-wildfires\/\" \/>\n<meta property=\"og:site_name\" content=\"Pau Costa Foundation\" \/>\n<meta property=\"article:published_time\" content=\"2025-03-11T13:08:34+00:00\" \/>\n<meta property=\"article:modified_time\" content=\"2025-03-11T15:54:24+00:00\" \/>\n<meta property=\"og:image\" content=\"https:\/\/www.paucostafoundation.org\/wp-content\/uploads\/2025\/03\/WhatsApp-Image-2025-03-11-at-12.30.10.jpeg\" \/>\n\t<meta property=\"og:image:width\" content=\"1600\" \/>\n\t<meta property=\"og:image:height\" content=\"1200\" \/>\n\t<meta property=\"og:image:type\" content=\"image\/jpeg\" \/>\n<meta name=\"author\" content=\"MIa Morante\" \/>\n<meta name=\"twitter:card\" content=\"summary_large_image\" \/>\n<meta name=\"twitter:label1\" content=\"Written by\" \/>\n\t<meta name=\"twitter:data1\" content=\"MIa Morante\" \/>\n\t<meta name=\"twitter:label2\" content=\"Est. reading time\" \/>\n\t<meta name=\"twitter:data2\" content=\"4 minutes\" \/>\n<script type=\"application\/ld+json\" class=\"yoast-schema-graph\">{\"@context\":\"https:\/\/schema.org\",\"@graph\":[{\"@type\":\"Article\",\"@id\":\"https:\/\/www.paucostafoundation.org\/en\/science-and-art-to-tackle-wildfires\/#article\",\"isPartOf\":{\"@id\":\"https:\/\/www.paucostafoundation.org\/en\/science-and-art-to-tackle-wildfires\/\"},\"author\":{\"name\":\"MIa Morante\",\"@id\":\"https:\/\/www.paucostafoundation.org\/en\/#\/schema\/person\/2af66a4a38bab401129c0d6af0bdec49\"},\"headline\":\"Science and art to tackle wildfires\",\"datePublished\":\"2025-03-11T13:08:34+00:00\",\"dateModified\":\"2025-03-11T15:54:24+00:00\",\"mainEntityOfPage\":{\"@id\":\"https:\/\/www.paucostafoundation.org\/en\/science-and-art-to-tackle-wildfires\/\"},\"wordCount\":563,\"commentCount\":0,\"publisher\":{\"@id\":\"https:\/\/www.paucostafoundation.org\/en\/#organization\"},\"image\":{\"@id\":\"https:\/\/www.paucostafoundation.org\/en\/science-and-art-to-tackle-wildfires\/#primaryimage\"},\"thumbnailUrl\":\"https:\/\/www.paucostafoundation.org\/wp-content\/uploads\/2025\/03\/WhatsApp-Image-2025-03-11-at-12.30.10.jpeg\",\"articleSection\":[\"Actualidad EN\"],\"inLanguage\":\"en-US\",\"potentialAction\":[{\"@type\":\"CommentAction\",\"name\":\"Comment\",\"target\":[\"https:\/\/www.paucostafoundation.org\/en\/science-and-art-to-tackle-wildfires\/#respond\"]}]},{\"@type\":\"WebPage\",\"@id\":\"https:\/\/www.paucostafoundation.org\/en\/science-and-art-to-tackle-wildfires\/\",\"url\":\"https:\/\/www.paucostafoundation.org\/en\/science-and-art-to-tackle-wildfires\/\",\"name\":\"Science and art to tackle wildfires\",\"isPartOf\":{\"@id\":\"https:\/\/www.paucostafoundation.org\/en\/#website\"},\"primaryImageOfPage\":{\"@id\":\"https:\/\/www.paucostafoundation.org\/en\/science-and-art-to-tackle-wildfires\/#primaryimage\"},\"image\":{\"@id\":\"https:\/\/www.paucostafoundation.org\/en\/science-and-art-to-tackle-wildfires\/#primaryimage\"},\"thumbnailUrl\":\"https:\/\/www.paucostafoundation.org\/wp-content\/uploads\/2025\/03\/WhatsApp-Image-2025-03-11-at-12.30.10.jpeg\",\"datePublished\":\"2025-03-11T13:08:34+00:00\",\"dateModified\":\"2025-03-11T15:54:24+00:00\",\"breadcrumb\":{\"@id\":\"https:\/\/www.paucostafoundation.org\/en\/science-and-art-to-tackle-wildfires\/#breadcrumb\"},\"inLanguage\":\"en-US\",\"potentialAction\":[{\"@type\":\"ReadAction\",\"target\":[\"https:\/\/www.paucostafoundation.org\/en\/science-and-art-to-tackle-wildfires\/\"]}]},{\"@type\":\"ImageObject\",\"inLanguage\":\"en-US\",\"@id\":\"https:\/\/www.paucostafoundation.org\/en\/science-and-art-to-tackle-wildfires\/#primaryimage\",\"url\":\"https:\/\/www.paucostafoundation.org\/wp-content\/uploads\/2025\/03\/WhatsApp-Image-2025-03-11-at-12.30.10.jpeg\",\"contentUrl\":\"https:\/\/www.paucostafoundation.org\/wp-content\/uploads\/2025\/03\/WhatsApp-Image-2025-03-11-at-12.30.10.jpeg\",\"width\":1600,\"height\":1200},{\"@type\":\"BreadcrumbList\",\"@id\":\"https:\/\/www.paucostafoundation.org\/en\/science-and-art-to-tackle-wildfires\/#breadcrumb\",\"itemListElement\":[{\"@type\":\"ListItem\",\"position\":1,\"name\":\"Inicio\",\"item\":\"https:\/\/www.paucostafoundation.org\/en\/\"},{\"@type\":\"ListItem\",\"position\":2,\"name\":\"Science and art to tackle wildfires\"}]},{\"@type\":\"WebSite\",\"@id\":\"https:\/\/www.paucostafoundation.org\/en\/#website\",\"url\":\"https:\/\/www.paucostafoundation.org\/en\/\",\"name\":\"Pau Costa Foundation\",\"description\":\"CONCIENCIA E INVESTIGA LOS INCENDIOS FORESTALES\",\"publisher\":{\"@id\":\"https:\/\/www.paucostafoundation.org\/en\/#organization\"},\"potentialAction\":[{\"@type\":\"SearchAction\",\"target\":{\"@type\":\"EntryPoint\",\"urlTemplate\":\"https:\/\/www.paucostafoundation.org\/en\/?s={search_term_string}\"},\"query-input\":{\"@type\":\"PropertyValueSpecification\",\"valueRequired\":true,\"valueName\":\"search_term_string\"}}],\"inLanguage\":\"en-US\"},{\"@type\":\"Organization\",\"@id\":\"https:\/\/www.paucostafoundation.org\/en\/#organization\",\"name\":\"Pau Costa Foundation\",\"url\":\"https:\/\/www.paucostafoundation.org\/en\/\",\"logo\":{\"@type\":\"ImageObject\",\"inLanguage\":\"en-US\",\"@id\":\"https:\/\/www.paucostafoundation.org\/en\/#\/schema\/logo\/image\/\",\"url\":\"https:\/\/paucostafoundation.digitalnature.es\/wp-content\/uploads\/2021\/06\/logo.png\",\"contentUrl\":\"https:\/\/paucostafoundation.digitalnature.es\/wp-content\/uploads\/2021\/06\/logo.png\",\"width\":873,\"height\":358,\"caption\":\"Pau Costa Foundation\"},\"image\":{\"@id\":\"https:\/\/www.paucostafoundation.org\/en\/#\/schema\/logo\/image\/\"}},{\"@type\":\"Person\",\"@id\":\"https:\/\/www.paucostafoundation.org\/en\/#\/schema\/person\/2af66a4a38bab401129c0d6af0bdec49\",\"name\":\"MIa Morante\"}]}<\/script>\n<!-- \/ Yoast SEO plugin. -->","yoast_head_json":{"title":"Science and art to tackle wildfires","robots":{"index":"index","follow":"follow","max-snippet":"max-snippet:-1","max-image-preview":"max-image-preview:large","max-video-preview":"max-video-preview:-1"},"canonical":"https:\/\/www.paucostafoundation.org\/en\/science-and-art-to-tackle-wildfires\/","og_locale":"en_US","og_type":"article","og_title":"Science and art to tackle wildfires","og_description":"Yesterday, March 10, the first session of the interdisciplinary Pyroecologies conference was held at the Barcelona Supercomputing Center-Centro Nacional de Supercomputaci\u00f3n (BSC-CNS), where the Pau Costa Foundation played a fundamental role both in the organization and in active participation. Pyroecologies is part of the Organismo | Arte en ecolog\u00edas cr\u00edticas aplicadas programme, an experimental initiative [&hellip;]","og_url":"https:\/\/www.paucostafoundation.org\/en\/science-and-art-to-tackle-wildfires\/","og_site_name":"Pau Costa Foundation","article_published_time":"2025-03-11T13:08:34+00:00","article_modified_time":"2025-03-11T15:54:24+00:00","og_image":[{"width":1600,"height":1200,"url":"https:\/\/www.paucostafoundation.org\/wp-content\/uploads\/2025\/03\/WhatsApp-Image-2025-03-11-at-12.30.10.jpeg","type":"image\/jpeg"}],"author":"MIa Morante","twitter_card":"summary_large_image","twitter_misc":{"Written by":"MIa Morante","Est. reading time":"4 minutes"},"schema":{"@context":"https:\/\/schema.org","@graph":[{"@type":"Article","@id":"https:\/\/www.paucostafoundation.org\/en\/science-and-art-to-tackle-wildfires\/#article","isPartOf":{"@id":"https:\/\/www.paucostafoundation.org\/en\/science-and-art-to-tackle-wildfires\/"},"author":{"name":"MIa Morante","@id":"https:\/\/www.paucostafoundation.org\/en\/#\/schema\/person\/2af66a4a38bab401129c0d6af0bdec49"},"headline":"Science and art to tackle wildfires","datePublished":"2025-03-11T13:08:34+00:00","dateModified":"2025-03-11T15:54:24+00:00","mainEntityOfPage":{"@id":"https:\/\/www.paucostafoundation.org\/en\/science-and-art-to-tackle-wildfires\/"},"wordCount":563,"commentCount":0,"publisher":{"@id":"https:\/\/www.paucostafoundation.org\/en\/#organization"},"image":{"@id":"https:\/\/www.paucostafoundation.org\/en\/science-and-art-to-tackle-wildfires\/#primaryimage"},"thumbnailUrl":"https:\/\/www.paucostafoundation.org\/wp-content\/uploads\/2025\/03\/WhatsApp-Image-2025-03-11-at-12.30.10.jpeg","articleSection":["Actualidad EN"],"inLanguage":"en-US","potentialAction":[{"@type":"CommentAction","name":"Comment","target":["https:\/\/www.paucostafoundation.org\/en\/science-and-art-to-tackle-wildfires\/#respond"]}]},{"@type":"WebPage","@id":"https:\/\/www.paucostafoundation.org\/en\/science-and-art-to-tackle-wildfires\/","url":"https:\/\/www.paucostafoundation.org\/en\/science-and-art-to-tackle-wildfires\/","name":"Science and art to tackle wildfires","isPartOf":{"@id":"https:\/\/www.paucostafoundation.org\/en\/#website"},"primaryImageOfPage":{"@id":"https:\/\/www.paucostafoundation.org\/en\/science-and-art-to-tackle-wildfires\/#primaryimage"},"image":{"@id":"https:\/\/www.paucostafoundation.org\/en\/science-and-art-to-tackle-wildfires\/#primaryimage"},"thumbnailUrl":"https:\/\/www.paucostafoundation.org\/wp-content\/uploads\/2025\/03\/WhatsApp-Image-2025-03-11-at-12.30.10.jpeg","datePublished":"2025-03-11T13:08:34+00:00","dateModified":"2025-03-11T15:54:24+00:00","breadcrumb":{"@id":"https:\/\/www.paucostafoundation.org\/en\/science-and-art-to-tackle-wildfires\/#breadcrumb"},"inLanguage":"en-US","potentialAction":[{"@type":"ReadAction","target":["https:\/\/www.paucostafoundation.org\/en\/science-and-art-to-tackle-wildfires\/"]}]},{"@type":"ImageObject","inLanguage":"en-US","@id":"https:\/\/www.paucostafoundation.org\/en\/science-and-art-to-tackle-wildfires\/#primaryimage","url":"https:\/\/www.paucostafoundation.org\/wp-content\/uploads\/2025\/03\/WhatsApp-Image-2025-03-11-at-12.30.10.jpeg","contentUrl":"https:\/\/www.paucostafoundation.org\/wp-content\/uploads\/2025\/03\/WhatsApp-Image-2025-03-11-at-12.30.10.jpeg","width":1600,"height":1200},{"@type":"BreadcrumbList","@id":"https:\/\/www.paucostafoundation.org\/en\/science-and-art-to-tackle-wildfires\/#breadcrumb","itemListElement":[{"@type":"ListItem","position":1,"name":"Inicio","item":"https:\/\/www.paucostafoundation.org\/en\/"},{"@type":"ListItem","position":2,"name":"Science and art to tackle wildfires"}]},{"@type":"WebSite","@id":"https:\/\/www.paucostafoundation.org\/en\/#website","url":"https:\/\/www.paucostafoundation.org\/en\/","name":"Pau Costa Foundation","description":"CONCIENCIA E INVESTIGA LOS INCENDIOS FORESTALES","publisher":{"@id":"https:\/\/www.paucostafoundation.org\/en\/#organization"},"potentialAction":[{"@type":"SearchAction","target":{"@type":"EntryPoint","urlTemplate":"https:\/\/www.paucostafoundation.org\/en\/?s={search_term_string}"},"query-input":{"@type":"PropertyValueSpecification","valueRequired":true,"valueName":"search_term_string"}}],"inLanguage":"en-US"},{"@type":"Organization","@id":"https:\/\/www.paucostafoundation.org\/en\/#organization","name":"Pau Costa Foundation","url":"https:\/\/www.paucostafoundation.org\/en\/","logo":{"@type":"ImageObject","inLanguage":"en-US","@id":"https:\/\/www.paucostafoundation.org\/en\/#\/schema\/logo\/image\/","url":"https:\/\/paucostafoundation.digitalnature.es\/wp-content\/uploads\/2021\/06\/logo.png","contentUrl":"https:\/\/paucostafoundation.digitalnature.es\/wp-content\/uploads\/2021\/06\/logo.png","width":873,"height":358,"caption":"Pau Costa Foundation"},"image":{"@id":"https:\/\/www.paucostafoundation.org\/en\/#\/schema\/logo\/image\/"}},{"@type":"Person","@id":"https:\/\/www.paucostafoundation.org\/en\/#\/schema\/person\/2af66a4a38bab401129c0d6af0bdec49","name":"MIa Morante"}]}},"_links":{"self":[{"href":"https:\/\/www.paucostafoundation.org\/en\/wp-json\/wp\/v2\/posts\/20801","targetHints":{"allow":["GET"]}}],"collection":[{"href":"https:\/\/www.paucostafoundation.org\/en\/wp-json\/wp\/v2\/posts"}],"about":[{"href":"https:\/\/www.paucostafoundation.org\/en\/wp-json\/wp\/v2\/types\/post"}],"author":[{"embeddable":true,"href":"https:\/\/www.paucostafoundation.org\/en\/wp-json\/wp\/v2\/users\/1007"}],"replies":[{"embeddable":true,"href":"https:\/\/www.paucostafoundation.org\/en\/wp-json\/wp\/v2\/comments?post=20801"}],"version-history":[{"count":5,"href":"https:\/\/www.paucostafoundation.org\/en\/wp-json\/wp\/v2\/posts\/20801\/revisions"}],"predecessor-version":[{"id":20813,"href":"https:\/\/www.paucostafoundation.org\/en\/wp-json\/wp\/v2\/posts\/20801\/revisions\/20813"}],"wp:featuredmedia":[{"embeddable":true,"href":"https:\/\/www.paucostafoundation.org\/en\/wp-json\/wp\/v2\/media\/20769"}],"wp:attachment":[{"href":"https:\/\/www.paucostafoundation.org\/en\/wp-json\/wp\/v2\/media?parent=20801"}],"wp:term":[{"taxonomy":"category","embeddable":true,"href":"https:\/\/www.paucostafoundation.org\/en\/wp-json\/wp\/v2\/categories?post=20801"},{"taxonomy":"post_tag","embeddable":true,"href":"https:\/\/www.paucostafoundation.org\/en\/wp-json\/wp\/v2\/tags?post=20801"}],"curies":[{"name":"wp","href":"https:\/\/api.w.org\/{rel}","templated":true}]}}