{"id":7652,"date":"2022-07-01T11:08:21","date_gmt":"2022-07-01T11:08:21","guid":{"rendered":"https:\/\/www.paucostafoundation.org\/?p=7652"},"modified":"2022-07-01T11:08:23","modified_gmt":"2022-07-01T11:08:23","slug":"diari-duna-sessio-formativa-del-projecte-respond-a-a-plodiv-bulgaria","status":"publish","type":"post","link":"https:\/\/www.paucostafoundation.org\/ca\/diari-duna-sessio-formativa-del-projecte-respond-a-a-plodiv-bulgaria\/","title":{"rendered":"Diari d&#8217;una sessi\u00f3 formativa del projecte Respond-A a Plodiv, Bulgaria"},"content":{"rendered":"\n<p><a href=\"https:\/\/respond-a-project.eu\/\">RESPOND-A<\/a>\u00a0\u00e9s un projecte del programa H2020 finan\u00e7at per la Comissi\u00f3 Europea que t\u00e9 com a objectiu desenvolupar una soluci\u00f3 tecnol\u00f2gica i conceptual conjunta per a millorar capacitat de resposta i la seguretat dels primers intervinents durant una emerg\u00e8ncia. La Fundaci\u00f3 Pau Costa participa en aquest projecte dissenyant sessions formatives perqu\u00e8 el personal operatiu en emerg\u00e8ncies, vinculat o no al projecte, puguin provar i avaluar les eines tecnol\u00f2giques desenvolupades en el projecte.<\/p>\n\n\n\n<p>Aleix R\u00edos \u00e9s voluntari forestal&nbsp;ADF&nbsp;i crimin\u00f2leg, i com a membre de la&nbsp;PCF&nbsp;va tenir l&#8217;oportunitat de participar en la quarta sessi\u00f3 formativa de&nbsp;Respond-A, que es va celebrar en&nbsp;Plovdiv&nbsp;(Bulg\u00e0ria) els dies 8 i 9 de juny de 2022. En les seg\u00fcents l\u00ednies ens exposa la seva experi\u00e8ncia.<\/p>\n\n\n\n<p>\u201cLa primera l\u00ednia d&#8217;intervenci\u00f3, la direcci\u00f3 estrat\u00e8gica de l&#8217;emerg\u00e8ncia i la coordinaci\u00f3 des de la sala central tenen dues coses en com\u00fa. La primera \u00e9s que en elles poden passar, i segur que passaran, situacions inesperades que poden arribar a ser desesperants. La segona \u00e9s que seran \u00e9ssers humans, amb els seus punts forts i els seus punts febles, els qui hauran de gestionar aquestes situacions i prendre decisions.<\/p>\n\n\n\n<p>Amb aix\u00f2 en ment, vaig decidir enviar la meva sol\u00b7licitud per a viatjar al costat d&#8217;un altre soci de la Fundaci\u00f3 a\u00a0Plovdiv, en qualitat de primer intervintor (first\u00a0respondre) per a con\u00e8ixer de prop les eines operatives desenvolupades per part dels socis tecnol\u00f2gics del projecte\u00a0Respond-A, de la talla de\u00a0Vallfirest\u00a0o Airbus, entre molts altres.<\/p>\n\n\n\n<p>Les jornades de treball es van dividir en dos dies, i en elles es va seguir el proc\u00e9s de gesti\u00f3 de dades en les emerg\u00e8ncies: recol\u00b7lecci\u00f3 i an\u00e0lisi de dades, processaments dels mateixos i el seu \u00fas posterior per a la presa de decisions en el context operatiu. El lloc de trobada va ser l&#8217;Hospital Universitari\u00a0Saint\u00a0George, l&#8217;hospital m\u00e9s gran del pa\u00eds. Un esdeveniment important requereix un lloc important!<\/p>\n\n\n\n<p>En la primera jornada de treball, el dia 8 de juny, vam tenir l&#8217;oportunitat de con\u00e8ixer als socis tecnol\u00f2gics i a la resta de&nbsp;first&nbsp;responders&nbsp;que formen part del projecte; aquests \u00faltims provenen d&#8217;organitzacions com la Policia Local de Val\u00e8ncia o el cos de Bombers de Xipre, entre altres.<\/p>\n\n\n\n<p>Despr\u00e9s de les presentacions va tocar posar-se a la feina i baixar al fang. Els socis tecnol\u00f2gics ens van comptar les novetats i millores respecte a les sessions formatives anteriors en productes com: sensors corporals col\u00b7locats dins d&#8217;una samarreta interior portable pel primer interventor, sensors de contaminaci\u00f3 ambiental, tamb\u00e9 portables en l&#8217;uniforme, i polseres d&#8217;identificaci\u00f3 m\u00e8dica en situacions de m\u00faltiples v\u00edctimes. Vaig buscar les pessigolles als desenvolupadors observant de manera detallada aquests productes i proporcionant-los feedback per a millorar la seva utilitat en un context operatiu. Com hem dit al principi, si pot complicar-se la cosa\u2026 tingues per fet que la llei de Murphy far\u00e0 que es compliqui. Els socis t\u00e8cnics es van prendre extremadament b\u00e9 la valoraci\u00f3 cr\u00edtica i van apuntar les recomanacions per a solucionar-les de cara a les futures proves pilot que es desenvoluparan en el marc de projecte.<\/p>\n\n\n\n<p>Passat un descans per a ficar cafe\u00efna en el cos, ens dividim en dos grups i ens vam posar a treballar amb els programes de gesti\u00f3 i coordinaci\u00f3 d&#8217;emerg\u00e8ncies. Empreses com Airbus o\u00a0Ianus\u00a0Consulting\u00a0ens van mostrar els seus programes de gesti\u00f3 i coordinaci\u00f3. Una vegada m\u00e9s baixem al fang per a posar a aquests programes i als seus\u00a0desenvolupadors\u00a0entre les cordes, a base de preguntes i possibles escenaris que es podrien donar en la realitat en aplicar el programa, com per exemple, el consum de la bateria o la necessitat de tenir senyal 5G per a operar.<\/p>\n\n\n\n<p>Amb alguns d&#8217;aquests programes, com MAESTRO, vam poder joguinejar una estona i aix\u00ed con\u00e8ixer el programa de cara al simulacre de l&#8217;endem\u00e0. Per\u00f2 despr\u00e9s de la tempesta arriba la calma. Caiguda la nit, celebrem el sopar social on ens vam poder con\u00e8ixer millor, lluny de les sessions de treball, en un ambient molt m\u00e9s dist\u00e8s.<\/p>\n\n\n\n<figure class=\"wp-block-image\"><img decoding=\"async\" src=\"https:\/\/www.paucostafoundation.org\/wp-content\/uploads\/2022\/06\/article-Aleix-1024x768.jpg\" alt=\"\"\/><figcaption><em>Aleix R\u00edos, segon per l&#8217;esquerra, al costat d&#8217;altres participants en la formaci\u00f3 de\u00a0Respond-A.<\/em><\/figcaption><\/figure>\n\n\n\n<p>Ja plenament situats en la segona jornada de treball, va tocar el torn de la ciberseguretat i la protecci\u00f3 de les dades recol\u00b7lectades i analitzades en l&#8217;emerg\u00e8ncia, amb una presentaci\u00f3 completa dels tipus d&#8217;atacs cibern\u00e8tics que podem rebre. I, per a acabar, la cirera del past\u00eds: la visita guiada per l&#8217;hospital universitari i el simulacre. En aquest simulacre, els&nbsp;first&nbsp;responders&nbsp;provem el programa MAESTRO a m\u00e9s de poder assistir a un mini incident com podria ser un focus de fum no identificat dins de l&#8217;hospital, que va acabar derivant en un petit focus de foc en l&#8217;exterior d&#8217;aquest. Assistim al desplegament de l\u00ednies d&#8217;aigua d&#8217;autoprotecci\u00f3 del propi hospital, i a la r\u00e0pida intervenci\u00f3 d&#8217;una patrulla policial i d&#8217;una bomba urbana lleugera dels bombers de&nbsp;Plovdiv.<\/p>\n\n\n\n<p>En resum, dues jornades de treball on vam aprendre i aportem molt, en un lloc de treball apte per a aix\u00f2 i abans de res, envoltat d&#8217;un conjunt de persones extremadament agradables, bolcades amb la recerca i la innovaci\u00f3 en el desenvolupament d&#8217;eines destinades als primers intervinents i a la gesti\u00f3 d&#8217;incidents i emerg\u00e8ncies.<\/p>\n\n\n\n<p>Per a mi van ser unes jornades inoblidables ja que vaig poder utilitzar tots els meus coneixements i experi\u00e8ncies, des dels quals versen sobre la primera l\u00ednia d&#8217;intervenci\u00f3, fins a la sala de coordinaci\u00f3. Vaig poder aportar el meu granet de sorra a la seguretat de les persones que conformem aquesta gran fam\u00edlia de la seguretat i les emerg\u00e8ncies. Sens dubte, espero repetir!\u201c<\/p>\n","protected":false},"excerpt":{"rendered":"<p>RESPOND-A\u00a0\u00e9s un projecte del programa H2020 finan\u00e7at per la Comissi\u00f3 Europea que t\u00e9 com a objectiu desenvolupar una soluci\u00f3 tecnol\u00f2gica i conceptual conjunta per a millorar capacitat de resposta i la seguretat dels primers intervinents durant una emerg\u00e8ncia. La Fundaci\u00f3 Pau Costa participa en aquest projecte dissenyant sessions formatives perqu\u00e8 el personal operatiu en emerg\u00e8ncies, [&hellip;]<\/p>\n","protected":false},"author":12,"featured_media":7643,"comment_status":"open","ping_status":"open","sticky":false,"template":"","format":"standard","meta":{"_acf_changed":false,"give_campaign_id":0,"footnotes":""},"categories":[84],"tags":[],"class_list":["post-7652","post","type-post","status-publish","format-standard","has-post-thumbnail","hentry","category-blog-ca"],"acf":[],"yoast_head":"<!-- This site is optimized with the Yoast SEO plugin v26.3 - https:\/\/yoast.com\/wordpress\/plugins\/seo\/ -->\n<title>Diari d&#039;una sessi\u00f3 formativa del projecte Respond-A a Plodiv, Bulgaria<\/title>\n<meta name=\"robots\" content=\"index, follow, max-snippet:-1, max-image-preview:large, max-video-preview:-1\" \/>\n<link rel=\"canonical\" href=\"https:\/\/www.paucostafoundation.org\/ca\/diari-duna-sessio-formativa-del-projecte-respond-a-a-plodiv-bulgaria\/\" \/>\n<meta property=\"og:locale\" content=\"ca_ES\" \/>\n<meta property=\"og:type\" content=\"article\" \/>\n<meta property=\"og:title\" content=\"Diari d&#039;una sessi\u00f3 formativa del projecte Respond-A a Plodiv, Bulgaria\" \/>\n<meta property=\"og:description\" content=\"RESPOND-A\u00a0\u00e9s un projecte del programa H2020 finan\u00e7at per la Comissi\u00f3 Europea que t\u00e9 com a objectiu desenvolupar una soluci\u00f3 tecnol\u00f2gica i conceptual conjunta per a millorar capacitat de resposta i la seguretat dels primers intervinents durant una emerg\u00e8ncia. La Fundaci\u00f3 Pau Costa participa en aquest projecte dissenyant sessions formatives perqu\u00e8 el personal operatiu en emerg\u00e8ncies, [&hellip;]\" \/>\n<meta property=\"og:url\" content=\"https:\/\/www.paucostafoundation.org\/ca\/diari-duna-sessio-formativa-del-projecte-respond-a-a-plodiv-bulgaria\/\" \/>\n<meta property=\"og:site_name\" content=\"Pau Costa Foundation\" \/>\n<meta property=\"article:published_time\" content=\"2022-07-01T11:08:21+00:00\" \/>\n<meta property=\"article:modified_time\" content=\"2022-07-01T11:08:23+00:00\" \/>\n<meta property=\"og:image\" content=\"https:\/\/www.paucostafoundation.org\/wp-content\/uploads\/2022\/06\/imathe-Respond-A-1024x522.png\" \/>\n\t<meta property=\"og:image:width\" content=\"1024\" \/>\n\t<meta property=\"og:image:height\" content=\"522\" \/>\n\t<meta property=\"og:image:type\" content=\"image\/png\" \/>\n<meta name=\"author\" content=\"Ariadna Goenaga\" \/>\n<meta name=\"twitter:card\" content=\"summary_large_image\" \/>\n<meta name=\"twitter:label1\" content=\"Escrit per\" \/>\n\t<meta name=\"twitter:data1\" content=\"Ariadna Goenaga\" \/>\n\t<meta name=\"twitter:label2\" content=\"Temps estimat de lectura\" \/>\n\t<meta name=\"twitter:data2\" content=\"5 minuts\" \/>\n<script type=\"application\/ld+json\" class=\"yoast-schema-graph\">{\"@context\":\"https:\/\/schema.org\",\"@graph\":[{\"@type\":\"Article\",\"@id\":\"https:\/\/www.paucostafoundation.org\/ca\/diari-duna-sessio-formativa-del-projecte-respond-a-a-plodiv-bulgaria\/#article\",\"isPartOf\":{\"@id\":\"https:\/\/www.paucostafoundation.org\/ca\/diari-duna-sessio-formativa-del-projecte-respond-a-a-plodiv-bulgaria\/\"},\"author\":{\"name\":\"Ariadna Goenaga\",\"@id\":\"https:\/\/www.paucostafoundation.org\/ca\/#\/schema\/person\/a99d245ae7b17eca82ca4e47fb514a7c\"},\"headline\":\"Diari d&#8217;una sessi\u00f3 formativa del projecte Respond-A a Plodiv, Bulgaria\",\"datePublished\":\"2022-07-01T11:08:21+00:00\",\"dateModified\":\"2022-07-01T11:08:23+00:00\",\"mainEntityOfPage\":{\"@id\":\"https:\/\/www.paucostafoundation.org\/ca\/diari-duna-sessio-formativa-del-projecte-respond-a-a-plodiv-bulgaria\/\"},\"wordCount\":999,\"commentCount\":0,\"publisher\":{\"@id\":\"https:\/\/www.paucostafoundation.org\/ca\/#organization\"},\"image\":{\"@id\":\"https:\/\/www.paucostafoundation.org\/ca\/diari-duna-sessio-formativa-del-projecte-respond-a-a-plodiv-bulgaria\/#primaryimage\"},\"thumbnailUrl\":\"https:\/\/www.paucostafoundation.org\/wp-content\/uploads\/2022\/06\/imathe-Respond-A.png\",\"articleSection\":[\"Blog CA\"],\"inLanguage\":\"ca\",\"potentialAction\":[{\"@type\":\"CommentAction\",\"name\":\"Comment\",\"target\":[\"https:\/\/www.paucostafoundation.org\/ca\/diari-duna-sessio-formativa-del-projecte-respond-a-a-plodiv-bulgaria\/#respond\"]}]},{\"@type\":\"WebPage\",\"@id\":\"https:\/\/www.paucostafoundation.org\/ca\/diari-duna-sessio-formativa-del-projecte-respond-a-a-plodiv-bulgaria\/\",\"url\":\"https:\/\/www.paucostafoundation.org\/ca\/diari-duna-sessio-formativa-del-projecte-respond-a-a-plodiv-bulgaria\/\",\"name\":\"Diari d'una sessi\u00f3 formativa del projecte Respond-A a Plodiv, Bulgaria\",\"isPartOf\":{\"@id\":\"https:\/\/www.paucostafoundation.org\/ca\/#website\"},\"primaryImageOfPage\":{\"@id\":\"https:\/\/www.paucostafoundation.org\/ca\/diari-duna-sessio-formativa-del-projecte-respond-a-a-plodiv-bulgaria\/#primaryimage\"},\"image\":{\"@id\":\"https:\/\/www.paucostafoundation.org\/ca\/diari-duna-sessio-formativa-del-projecte-respond-a-a-plodiv-bulgaria\/#primaryimage\"},\"thumbnailUrl\":\"https:\/\/www.paucostafoundation.org\/wp-content\/uploads\/2022\/06\/imathe-Respond-A.png\",\"datePublished\":\"2022-07-01T11:08:21+00:00\",\"dateModified\":\"2022-07-01T11:08:23+00:00\",\"breadcrumb\":{\"@id\":\"https:\/\/www.paucostafoundation.org\/ca\/diari-duna-sessio-formativa-del-projecte-respond-a-a-plodiv-bulgaria\/#breadcrumb\"},\"inLanguage\":\"ca\",\"potentialAction\":[{\"@type\":\"ReadAction\",\"target\":[\"https:\/\/www.paucostafoundation.org\/ca\/diari-duna-sessio-formativa-del-projecte-respond-a-a-plodiv-bulgaria\/\"]}]},{\"@type\":\"ImageObject\",\"inLanguage\":\"ca\",\"@id\":\"https:\/\/www.paucostafoundation.org\/ca\/diari-duna-sessio-formativa-del-projecte-respond-a-a-plodiv-bulgaria\/#primaryimage\",\"url\":\"https:\/\/www.paucostafoundation.org\/wp-content\/uploads\/2022\/06\/imathe-Respond-A.png\",\"contentUrl\":\"https:\/\/www.paucostafoundation.org\/wp-content\/uploads\/2022\/06\/imathe-Respond-A.png\",\"width\":2560,\"height\":1304},{\"@type\":\"BreadcrumbList\",\"@id\":\"https:\/\/www.paucostafoundation.org\/ca\/diari-duna-sessio-formativa-del-projecte-respond-a-a-plodiv-bulgaria\/#breadcrumb\",\"itemListElement\":[{\"@type\":\"ListItem\",\"position\":1,\"name\":\"Inicio\",\"item\":\"https:\/\/www.paucostafoundation.org\/ca\/\"},{\"@type\":\"ListItem\",\"position\":2,\"name\":\"Diari d&#8217;una sessi\u00f3 formativa del projecte Respond-A a Plodiv, Bulgaria\"}]},{\"@type\":\"WebSite\",\"@id\":\"https:\/\/www.paucostafoundation.org\/ca\/#website\",\"url\":\"https:\/\/www.paucostafoundation.org\/ca\/\",\"name\":\"Pau Costa Foundation\",\"description\":\"CONCIENCIA E INVESTIGA LOS INCENDIOS FORESTALES\",\"publisher\":{\"@id\":\"https:\/\/www.paucostafoundation.org\/ca\/#organization\"},\"potentialAction\":[{\"@type\":\"SearchAction\",\"target\":{\"@type\":\"EntryPoint\",\"urlTemplate\":\"https:\/\/www.paucostafoundation.org\/ca\/?s={search_term_string}\"},\"query-input\":{\"@type\":\"PropertyValueSpecification\",\"valueRequired\":true,\"valueName\":\"search_term_string\"}}],\"inLanguage\":\"ca\"},{\"@type\":\"Organization\",\"@id\":\"https:\/\/www.paucostafoundation.org\/ca\/#organization\",\"name\":\"Pau Costa Foundation\",\"url\":\"https:\/\/www.paucostafoundation.org\/ca\/\",\"logo\":{\"@type\":\"ImageObject\",\"inLanguage\":\"ca\",\"@id\":\"https:\/\/www.paucostafoundation.org\/ca\/#\/schema\/logo\/image\/\",\"url\":\"https:\/\/paucostafoundation.digitalnature.es\/wp-content\/uploads\/2021\/06\/logo.png\",\"contentUrl\":\"https:\/\/paucostafoundation.digitalnature.es\/wp-content\/uploads\/2021\/06\/logo.png\",\"width\":873,\"height\":358,\"caption\":\"Pau Costa Foundation\"},\"image\":{\"@id\":\"https:\/\/www.paucostafoundation.org\/ca\/#\/schema\/logo\/image\/\"}},{\"@type\":\"Person\",\"@id\":\"https:\/\/www.paucostafoundation.org\/ca\/#\/schema\/person\/a99d245ae7b17eca82ca4e47fb514a7c\",\"name\":\"Ariadna Goenaga\"}]}<\/script>\n<!-- \/ Yoast SEO plugin. -->","yoast_head_json":{"title":"Diari d'una sessi\u00f3 formativa del projecte Respond-A a Plodiv, Bulgaria","robots":{"index":"index","follow":"follow","max-snippet":"max-snippet:-1","max-image-preview":"max-image-preview:large","max-video-preview":"max-video-preview:-1"},"canonical":"https:\/\/www.paucostafoundation.org\/ca\/diari-duna-sessio-formativa-del-projecte-respond-a-a-plodiv-bulgaria\/","og_locale":"ca_ES","og_type":"article","og_title":"Diari d'una sessi\u00f3 formativa del projecte Respond-A a Plodiv, Bulgaria","og_description":"RESPOND-A\u00a0\u00e9s un projecte del programa H2020 finan\u00e7at per la Comissi\u00f3 Europea que t\u00e9 com a objectiu desenvolupar una soluci\u00f3 tecnol\u00f2gica i conceptual conjunta per a millorar capacitat de resposta i la seguretat dels primers intervinents durant una emerg\u00e8ncia. La Fundaci\u00f3 Pau Costa participa en aquest projecte dissenyant sessions formatives perqu\u00e8 el personal operatiu en emerg\u00e8ncies, [&hellip;]","og_url":"https:\/\/www.paucostafoundation.org\/ca\/diari-duna-sessio-formativa-del-projecte-respond-a-a-plodiv-bulgaria\/","og_site_name":"Pau Costa Foundation","article_published_time":"2022-07-01T11:08:21+00:00","article_modified_time":"2022-07-01T11:08:23+00:00","og_image":[{"width":1024,"height":522,"url":"https:\/\/www.paucostafoundation.org\/wp-content\/uploads\/2022\/06\/imathe-Respond-A-1024x522.png","type":"image\/png"}],"author":"Ariadna Goenaga","twitter_card":"summary_large_image","twitter_misc":{"Escrit per":"Ariadna Goenaga","Temps estimat de lectura":"5 minuts"},"schema":{"@context":"https:\/\/schema.org","@graph":[{"@type":"Article","@id":"https:\/\/www.paucostafoundation.org\/ca\/diari-duna-sessio-formativa-del-projecte-respond-a-a-plodiv-bulgaria\/#article","isPartOf":{"@id":"https:\/\/www.paucostafoundation.org\/ca\/diari-duna-sessio-formativa-del-projecte-respond-a-a-plodiv-bulgaria\/"},"author":{"name":"Ariadna Goenaga","@id":"https:\/\/www.paucostafoundation.org\/ca\/#\/schema\/person\/a99d245ae7b17eca82ca4e47fb514a7c"},"headline":"Diari d&#8217;una sessi\u00f3 formativa del projecte Respond-A a Plodiv, Bulgaria","datePublished":"2022-07-01T11:08:21+00:00","dateModified":"2022-07-01T11:08:23+00:00","mainEntityOfPage":{"@id":"https:\/\/www.paucostafoundation.org\/ca\/diari-duna-sessio-formativa-del-projecte-respond-a-a-plodiv-bulgaria\/"},"wordCount":999,"commentCount":0,"publisher":{"@id":"https:\/\/www.paucostafoundation.org\/ca\/#organization"},"image":{"@id":"https:\/\/www.paucostafoundation.org\/ca\/diari-duna-sessio-formativa-del-projecte-respond-a-a-plodiv-bulgaria\/#primaryimage"},"thumbnailUrl":"https:\/\/www.paucostafoundation.org\/wp-content\/uploads\/2022\/06\/imathe-Respond-A.png","articleSection":["Blog CA"],"inLanguage":"ca","potentialAction":[{"@type":"CommentAction","name":"Comment","target":["https:\/\/www.paucostafoundation.org\/ca\/diari-duna-sessio-formativa-del-projecte-respond-a-a-plodiv-bulgaria\/#respond"]}]},{"@type":"WebPage","@id":"https:\/\/www.paucostafoundation.org\/ca\/diari-duna-sessio-formativa-del-projecte-respond-a-a-plodiv-bulgaria\/","url":"https:\/\/www.paucostafoundation.org\/ca\/diari-duna-sessio-formativa-del-projecte-respond-a-a-plodiv-bulgaria\/","name":"Diari d'una sessi\u00f3 formativa del projecte Respond-A a Plodiv, Bulgaria","isPartOf":{"@id":"https:\/\/www.paucostafoundation.org\/ca\/#website"},"primaryImageOfPage":{"@id":"https:\/\/www.paucostafoundation.org\/ca\/diari-duna-sessio-formativa-del-projecte-respond-a-a-plodiv-bulgaria\/#primaryimage"},"image":{"@id":"https:\/\/www.paucostafoundation.org\/ca\/diari-duna-sessio-formativa-del-projecte-respond-a-a-plodiv-bulgaria\/#primaryimage"},"thumbnailUrl":"https:\/\/www.paucostafoundation.org\/wp-content\/uploads\/2022\/06\/imathe-Respond-A.png","datePublished":"2022-07-01T11:08:21+00:00","dateModified":"2022-07-01T11:08:23+00:00","breadcrumb":{"@id":"https:\/\/www.paucostafoundation.org\/ca\/diari-duna-sessio-formativa-del-projecte-respond-a-a-plodiv-bulgaria\/#breadcrumb"},"inLanguage":"ca","potentialAction":[{"@type":"ReadAction","target":["https:\/\/www.paucostafoundation.org\/ca\/diari-duna-sessio-formativa-del-projecte-respond-a-a-plodiv-bulgaria\/"]}]},{"@type":"ImageObject","inLanguage":"ca","@id":"https:\/\/www.paucostafoundation.org\/ca\/diari-duna-sessio-formativa-del-projecte-respond-a-a-plodiv-bulgaria\/#primaryimage","url":"https:\/\/www.paucostafoundation.org\/wp-content\/uploads\/2022\/06\/imathe-Respond-A.png","contentUrl":"https:\/\/www.paucostafoundation.org\/wp-content\/uploads\/2022\/06\/imathe-Respond-A.png","width":2560,"height":1304},{"@type":"BreadcrumbList","@id":"https:\/\/www.paucostafoundation.org\/ca\/diari-duna-sessio-formativa-del-projecte-respond-a-a-plodiv-bulgaria\/#breadcrumb","itemListElement":[{"@type":"ListItem","position":1,"name":"Inicio","item":"https:\/\/www.paucostafoundation.org\/ca\/"},{"@type":"ListItem","position":2,"name":"Diari d&#8217;una sessi\u00f3 formativa del projecte Respond-A a Plodiv, Bulgaria"}]},{"@type":"WebSite","@id":"https:\/\/www.paucostafoundation.org\/ca\/#website","url":"https:\/\/www.paucostafoundation.org\/ca\/","name":"Pau Costa Foundation","description":"CONCIENCIA E INVESTIGA LOS INCENDIOS FORESTALES","publisher":{"@id":"https:\/\/www.paucostafoundation.org\/ca\/#organization"},"potentialAction":[{"@type":"SearchAction","target":{"@type":"EntryPoint","urlTemplate":"https:\/\/www.paucostafoundation.org\/ca\/?s={search_term_string}"},"query-input":{"@type":"PropertyValueSpecification","valueRequired":true,"valueName":"search_term_string"}}],"inLanguage":"ca"},{"@type":"Organization","@id":"https:\/\/www.paucostafoundation.org\/ca\/#organization","name":"Pau Costa Foundation","url":"https:\/\/www.paucostafoundation.org\/ca\/","logo":{"@type":"ImageObject","inLanguage":"ca","@id":"https:\/\/www.paucostafoundation.org\/ca\/#\/schema\/logo\/image\/","url":"https:\/\/paucostafoundation.digitalnature.es\/wp-content\/uploads\/2021\/06\/logo.png","contentUrl":"https:\/\/paucostafoundation.digitalnature.es\/wp-content\/uploads\/2021\/06\/logo.png","width":873,"height":358,"caption":"Pau Costa Foundation"},"image":{"@id":"https:\/\/www.paucostafoundation.org\/ca\/#\/schema\/logo\/image\/"}},{"@type":"Person","@id":"https:\/\/www.paucostafoundation.org\/ca\/#\/schema\/person\/a99d245ae7b17eca82ca4e47fb514a7c","name":"Ariadna Goenaga"}]}},"_links":{"self":[{"href":"https:\/\/www.paucostafoundation.org\/ca\/wp-json\/wp\/v2\/posts\/7652","targetHints":{"allow":["GET"]}}],"collection":[{"href":"https:\/\/www.paucostafoundation.org\/ca\/wp-json\/wp\/v2\/posts"}],"about":[{"href":"https:\/\/www.paucostafoundation.org\/ca\/wp-json\/wp\/v2\/types\/post"}],"author":[{"embeddable":true,"href":"https:\/\/www.paucostafoundation.org\/ca\/wp-json\/wp\/v2\/users\/12"}],"replies":[{"embeddable":true,"href":"https:\/\/www.paucostafoundation.org\/ca\/wp-json\/wp\/v2\/comments?post=7652"}],"version-history":[{"count":1,"href":"https:\/\/www.paucostafoundation.org\/ca\/wp-json\/wp\/v2\/posts\/7652\/revisions"}],"predecessor-version":[{"id":7654,"href":"https:\/\/www.paucostafoundation.org\/ca\/wp-json\/wp\/v2\/posts\/7652\/revisions\/7654"}],"wp:featuredmedia":[{"embeddable":true,"href":"https:\/\/www.paucostafoundation.org\/ca\/wp-json\/wp\/v2\/media\/7643"}],"wp:attachment":[{"href":"https:\/\/www.paucostafoundation.org\/ca\/wp-json\/wp\/v2\/media?parent=7652"}],"wp:term":[{"taxonomy":"category","embeddable":true,"href":"https:\/\/www.paucostafoundation.org\/ca\/wp-json\/wp\/v2\/categories?post=7652"},{"taxonomy":"post_tag","embeddable":true,"href":"https:\/\/www.paucostafoundation.org\/ca\/wp-json\/wp\/v2\/tags?post=7652"}],"curies":[{"name":"wp","href":"https:\/\/api.w.org\/{rel}","templated":true}]}}