{"id":7417,"date":"2022-06-15T10:12:06","date_gmt":"2022-06-15T10:12:06","guid":{"rendered":"https:\/\/www.paucostafoundation.org\/?p=7417"},"modified":"2022-11-28T07:18:24","modified_gmt":"2022-11-28T07:18:24","slug":"ramats-de-foc-rep-10-000e-del-fondo-futuro-sostenible-del-bbva","status":"publish","type":"post","link":"https:\/\/www.paucostafoundation.org\/ca\/ramats-de-foc-rep-10-000e-del-fondo-futuro-sostenible-del-bbva\/","title":{"rendered":"&#8220;Ramats de Foc&#8221; rep 100.000\u20ac del Fondo Futuro Sostenible del BBVA"},"content":{"rendered":"\n<p>El <a href=\"https:\/\/www.bbva.com\/es\/es\/sostenibilidad\/bbva-asset-management-dona-un-millon-de-euros-a-23-proyectos-solidarios-un-ano-mas\/?utm_source=twitter&amp;utm_medium=social&amp;utm_campaign=rrssespana&amp;utm_term15062022\">&#8220;Fondo Futuro Sostenible&#8221; del BBVA<\/a> contribueix a impulsar projectes vinculats a inclusi\u00f3 social, depend\u00e8ncia, majors i salut i medi ambient, \u00e0mbits inclosos en els Objectius de Desenvolupament Sostenible (ODS). En la seva IV Convovat\u00f2ria Solid\u00e0ria BBVA, la Fundaci\u00f3 Pau Costa ha estat reconeguda amb un dels premis nacionals i rebr\u00e0 100.000 euros per continuar desenvolupant i estendre el projecte <a href=\"https:\/\/www.ramatsdefoc.org\/ca\/\">&#8220;Ramats de Foc&#8221;<\/a> a tot Catalunya.<\/p>\n\n\n\n<p>&#8220;El suport de BBVA AM donar\u00e0 un gran impuls al projecte, ja que ens permetr\u00e0 implantar &#8220;Ramats de Foc&#8221; m\u00e9s enll\u00e0 de la prov\u00edncia de Girona. En aquest sentit, avan\u00e7arem en l&#8217;objectiu de potenciar la ramaderia extensiva com a manera sostenible de gesti\u00f3 del risc d&#8217;incendis, que permet mantenir els valors de la biodiversitat, culturals i socials del nostre entorn natural, mentre generem oportunitats d&#8217;economia rural\u201d, comenta Jordi Vendrell, director de la Fundaci\u00f3 Pau Costa.<\/p>\n\n\n\n<p>&#8220;Ramats de Foc&#8221; \u00e9s un projecte integral que implica m\u00faltiples actors. Aix\u00ed, treballen conjuntament: bombers de la Generalitat de Catalunya, que identifiquen zones estrat\u00e8giques per a la prevenci\u00f3 i l&#8217;extinci\u00f3 d&#8217;incendis; ramaders, que amb la pastura dels seus ramats eliminen la c\u00e0rrega de combustible que acumula el terreny forestal; restauradors i carnissers, que comercialitzen els productes identificats amb el segell &#8220;Ramats de Foc&#8221;; i els consumidors finals, que contribueixen a posar en valor productes que han servit per a una gesti\u00f3 sostenible de l&#8217;entorn forestal.<\/p>\n\n\n\n<p>El projecte, fins ara, s&#8217;ha implantat a la prov\u00edncia de Girona (comarques del Baix Empord\u00e0, l&#8217;Alt Empord\u00e0, el Garrotxa, el Giron\u00e8s i el Pla de l&#8217;Estany) i probablement iniciar\u00e0 la seva extensi\u00f3 a la prov\u00edncia de Tarragona. Actualment compta amb 21 ramaders i 49 punts de venda (carnissers i restauradors) que distribueixen els productes amb el segell &#8220;Ramats de Foc&#8221;.<\/p>\n\n\n\n<div class=\"wp-block-image\"><figure class=\"aligncenter size-large is-resized\"><a href=\"https:\/\/www.paucostafoundation.org\/wp-content\/uploads\/2022\/06\/ramats_de_Foc_logotip_text_trans-1.jpg\"><img fetchpriority=\"high\" decoding=\"async\" src=\"https:\/\/www.paucostafoundation.org\/wp-content\/uploads\/2022\/06\/ramats_de_Foc_logotip_text_trans-1-1024x965.jpg\" alt=\"\" class=\"wp-image-7433\" width=\"369\" height=\"347\" srcset=\"https:\/\/www.paucostafoundation.org\/wp-content\/uploads\/2022\/06\/ramats_de_Foc_logotip_text_trans-1-1024x965.jpg 1024w, https:\/\/www.paucostafoundation.org\/wp-content\/uploads\/2022\/06\/ramats_de_Foc_logotip_text_trans-1-300x283.jpg 300w, https:\/\/www.paucostafoundation.org\/wp-content\/uploads\/2022\/06\/ramats_de_Foc_logotip_text_trans-1-768x724.jpg 768w, https:\/\/www.paucostafoundation.org\/wp-content\/uploads\/2022\/06\/ramats_de_Foc_logotip_text_trans-1-1536x1448.jpg 1536w, https:\/\/www.paucostafoundation.org\/wp-content\/uploads\/2022\/06\/ramats_de_Foc_logotip_text_trans-1-2048x1930.jpg 2048w, https:\/\/www.paucostafoundation.org\/wp-content\/uploads\/2022\/06\/ramats_de_Foc_logotip_text_trans-1-600x565.jpg 600w\" sizes=\"(max-width: 369px) 100vw, 369px\" \/><\/a><figcaption><em>Logotip del projecte Ramats de Foc<\/em><\/figcaption><\/figure><\/div>\n\n\n\n<h3 class=\"wp-block-heading\" id=\"sobre-el-fondo-futuro-sostenible-del-bbva\">Sobre el Fondo Futuro Sostenible del BBVA<\/h3>\n\n\n\n<p><a href=\"https:\/\/bbvaassetmanagement.com\/es\/fondos\/?ES0114279039\/BBVA-FUTURO-SOSTENIBLE-ISR,-FI&amp;utm_pais=espana&amp;utm_producto=inversiones&amp;utm_subproducto=fondos\">BBVA Futuro Sostenible ISR<\/a> \u00e9s un fons d&#8217;inversi\u00f3 socialment responsable que dona anualment una part de la comissi\u00f3 de gesti\u00f3 a projectes solidaris. A les convocat\u00f2ries solid\u00e0ries dels tres anys anteriors, BBVA AM ha repartit en total m\u00e9s de 2,2 milions d&#8217;euros a 51 projectes solidaris. En el cas de Catalunya, des del 2020 s&#8217;han donat uns 390.000 euros, permetent que prop de 4.000 persones s&#8217;hagin beneficiat directament o indirectament dels projectes seleccionats.<\/p>\n\n\n\n<p>BBVA AM ha recibido para la cuarta edici\u00f3n de estos galardones un total de 263 candidaturas, de las cuales 186 cumpl\u00edan las bases de la convocatoria. De ellas, el 37% eran proyectos del \u00e1mbito de la inclusi\u00f3n social, el 32% de dependencia, salud y mayores, y el 31% de medioambiente.<\/p>\n","protected":false},"excerpt":{"rendered":"<p>El &#8220;Fondo Futuro Sostenible&#8221; del BBVA contribueix a impulsar projectes vinculats a inclusi\u00f3 social, depend\u00e8ncia, majors i salut i medi ambient, \u00e0mbits inclosos en els Objectius de Desenvolupament Sostenible (ODS). En la seva IV Convovat\u00f2ria Solid\u00e0ria BBVA, la Fundaci\u00f3 Pau Costa ha estat reconeguda amb un dels premis nacionals i rebr\u00e0 100.000 euros per continuar [&hellip;]<\/p>\n","protected":false},"author":12,"featured_media":7392,"comment_status":"open","ping_status":"open","sticky":false,"template":"","format":"standard","meta":{"_acf_changed":false,"give_campaign_id":0,"footnotes":""},"categories":[84],"tags":[],"class_list":["post-7417","post","type-post","status-publish","format-standard","has-post-thumbnail","hentry","category-blog-ca"],"acf":[],"yoast_head":"<!-- This site is optimized with the Yoast SEO plugin v26.3 - https:\/\/yoast.com\/wordpress\/plugins\/seo\/ -->\n<title>&quot;Ramats de Foc&quot; rep 100.000\u20ac del Fondo Futuro Sostenible del BBVA<\/title>\n<meta name=\"robots\" content=\"index, follow, max-snippet:-1, max-image-preview:large, max-video-preview:-1\" \/>\n<link rel=\"canonical\" href=\"https:\/\/www.paucostafoundation.org\/ca\/ramats-de-foc-rep-10-000e-del-fondo-futuro-sostenible-del-bbva\/\" \/>\n<meta property=\"og:locale\" content=\"ca_ES\" \/>\n<meta property=\"og:type\" content=\"article\" \/>\n<meta property=\"og:title\" content=\"&quot;Ramats de Foc&quot; rep 100.000\u20ac del Fondo Futuro Sostenible del BBVA\" \/>\n<meta property=\"og:description\" content=\"El &#8220;Fondo Futuro Sostenible&#8221; del BBVA contribueix a impulsar projectes vinculats a inclusi\u00f3 social, depend\u00e8ncia, majors i salut i medi ambient, \u00e0mbits inclosos en els Objectius de Desenvolupament Sostenible (ODS). En la seva IV Convovat\u00f2ria Solid\u00e0ria BBVA, la Fundaci\u00f3 Pau Costa ha estat reconeguda amb un dels premis nacionals i rebr\u00e0 100.000 euros per continuar [&hellip;]\" \/>\n<meta property=\"og:url\" content=\"https:\/\/www.paucostafoundation.org\/ca\/ramats-de-foc-rep-10-000e-del-fondo-futuro-sostenible-del-bbva\/\" \/>\n<meta property=\"og:site_name\" content=\"Pau Costa Foundation\" \/>\n<meta property=\"article:published_time\" content=\"2022-06-15T10:12:06+00:00\" \/>\n<meta property=\"article:modified_time\" content=\"2022-11-28T07:18:24+00:00\" \/>\n<meta property=\"og:image\" content=\"https:\/\/www.paucostafoundation.org\/wp-content\/uploads\/2022\/06\/ramats-de-foc-1.jpeg\" \/>\n\t<meta property=\"og:image:width\" content=\"1920\" \/>\n\t<meta property=\"og:image:height\" content=\"1282\" \/>\n\t<meta property=\"og:image:type\" content=\"image\/jpeg\" \/>\n<meta name=\"author\" content=\"Ariadna Goenaga\" \/>\n<meta name=\"twitter:card\" content=\"summary_large_image\" \/>\n<meta name=\"twitter:label1\" content=\"Escrit per\" \/>\n\t<meta name=\"twitter:data1\" content=\"Ariadna Goenaga\" \/>\n\t<meta name=\"twitter:label2\" content=\"Temps estimat de lectura\" \/>\n\t<meta name=\"twitter:data2\" content=\"3 minuts\" \/>\n<script type=\"application\/ld+json\" class=\"yoast-schema-graph\">{\"@context\":\"https:\/\/schema.org\",\"@graph\":[{\"@type\":\"Article\",\"@id\":\"https:\/\/www.paucostafoundation.org\/ca\/ramats-de-foc-rep-10-000e-del-fondo-futuro-sostenible-del-bbva\/#article\",\"isPartOf\":{\"@id\":\"https:\/\/www.paucostafoundation.org\/ca\/ramats-de-foc-rep-10-000e-del-fondo-futuro-sostenible-del-bbva\/\"},\"author\":{\"name\":\"Ariadna Goenaga\",\"@id\":\"https:\/\/www.paucostafoundation.org\/ca\/#\/schema\/person\/a99d245ae7b17eca82ca4e47fb514a7c\"},\"headline\":\"&#8220;Ramats de Foc&#8221; rep 100.000\u20ac del Fondo Futuro Sostenible del BBVA\",\"datePublished\":\"2022-06-15T10:12:06+00:00\",\"dateModified\":\"2022-11-28T07:18:24+00:00\",\"mainEntityOfPage\":{\"@id\":\"https:\/\/www.paucostafoundation.org\/ca\/ramats-de-foc-rep-10-000e-del-fondo-futuro-sostenible-del-bbva\/\"},\"wordCount\":437,\"commentCount\":0,\"publisher\":{\"@id\":\"https:\/\/www.paucostafoundation.org\/ca\/#organization\"},\"image\":{\"@id\":\"https:\/\/www.paucostafoundation.org\/ca\/ramats-de-foc-rep-10-000e-del-fondo-futuro-sostenible-del-bbva\/#primaryimage\"},\"thumbnailUrl\":\"https:\/\/www.paucostafoundation.org\/wp-content\/uploads\/2022\/06\/ramats-de-foc-1.jpeg\",\"articleSection\":[\"Blog CA\"],\"inLanguage\":\"ca\",\"potentialAction\":[{\"@type\":\"CommentAction\",\"name\":\"Comment\",\"target\":[\"https:\/\/www.paucostafoundation.org\/ca\/ramats-de-foc-rep-10-000e-del-fondo-futuro-sostenible-del-bbva\/#respond\"]}]},{\"@type\":\"WebPage\",\"@id\":\"https:\/\/www.paucostafoundation.org\/ca\/ramats-de-foc-rep-10-000e-del-fondo-futuro-sostenible-del-bbva\/\",\"url\":\"https:\/\/www.paucostafoundation.org\/ca\/ramats-de-foc-rep-10-000e-del-fondo-futuro-sostenible-del-bbva\/\",\"name\":\"\\\"Ramats de Foc\\\" rep 100.000\u20ac del Fondo Futuro Sostenible del BBVA\",\"isPartOf\":{\"@id\":\"https:\/\/www.paucostafoundation.org\/ca\/#website\"},\"primaryImageOfPage\":{\"@id\":\"https:\/\/www.paucostafoundation.org\/ca\/ramats-de-foc-rep-10-000e-del-fondo-futuro-sostenible-del-bbva\/#primaryimage\"},\"image\":{\"@id\":\"https:\/\/www.paucostafoundation.org\/ca\/ramats-de-foc-rep-10-000e-del-fondo-futuro-sostenible-del-bbva\/#primaryimage\"},\"thumbnailUrl\":\"https:\/\/www.paucostafoundation.org\/wp-content\/uploads\/2022\/06\/ramats-de-foc-1.jpeg\",\"datePublished\":\"2022-06-15T10:12:06+00:00\",\"dateModified\":\"2022-11-28T07:18:24+00:00\",\"breadcrumb\":{\"@id\":\"https:\/\/www.paucostafoundation.org\/ca\/ramats-de-foc-rep-10-000e-del-fondo-futuro-sostenible-del-bbva\/#breadcrumb\"},\"inLanguage\":\"ca\",\"potentialAction\":[{\"@type\":\"ReadAction\",\"target\":[\"https:\/\/www.paucostafoundation.org\/ca\/ramats-de-foc-rep-10-000e-del-fondo-futuro-sostenible-del-bbva\/\"]}]},{\"@type\":\"ImageObject\",\"inLanguage\":\"ca\",\"@id\":\"https:\/\/www.paucostafoundation.org\/ca\/ramats-de-foc-rep-10-000e-del-fondo-futuro-sostenible-del-bbva\/#primaryimage\",\"url\":\"https:\/\/www.paucostafoundation.org\/wp-content\/uploads\/2022\/06\/ramats-de-foc-1.jpeg\",\"contentUrl\":\"https:\/\/www.paucostafoundation.org\/wp-content\/uploads\/2022\/06\/ramats-de-foc-1.jpeg\",\"width\":1920,\"height\":1282},{\"@type\":\"BreadcrumbList\",\"@id\":\"https:\/\/www.paucostafoundation.org\/ca\/ramats-de-foc-rep-10-000e-del-fondo-futuro-sostenible-del-bbva\/#breadcrumb\",\"itemListElement\":[{\"@type\":\"ListItem\",\"position\":1,\"name\":\"Inicio\",\"item\":\"https:\/\/www.paucostafoundation.org\/ca\/\"},{\"@type\":\"ListItem\",\"position\":2,\"name\":\"\u00abRamats de Foc\u00bb rep 100.000\u20ac del Fondo Futuro Sostenible del BBVA\"}]},{\"@type\":\"WebSite\",\"@id\":\"https:\/\/www.paucostafoundation.org\/ca\/#website\",\"url\":\"https:\/\/www.paucostafoundation.org\/ca\/\",\"name\":\"Pau Costa Foundation\",\"description\":\"CONCIENCIA E INVESTIGA LOS INCENDIOS FORESTALES\",\"publisher\":{\"@id\":\"https:\/\/www.paucostafoundation.org\/ca\/#organization\"},\"potentialAction\":[{\"@type\":\"SearchAction\",\"target\":{\"@type\":\"EntryPoint\",\"urlTemplate\":\"https:\/\/www.paucostafoundation.org\/ca\/?s={search_term_string}\"},\"query-input\":{\"@type\":\"PropertyValueSpecification\",\"valueRequired\":true,\"valueName\":\"search_term_string\"}}],\"inLanguage\":\"ca\"},{\"@type\":\"Organization\",\"@id\":\"https:\/\/www.paucostafoundation.org\/ca\/#organization\",\"name\":\"Pau Costa Foundation\",\"url\":\"https:\/\/www.paucostafoundation.org\/ca\/\",\"logo\":{\"@type\":\"ImageObject\",\"inLanguage\":\"ca\",\"@id\":\"https:\/\/www.paucostafoundation.org\/ca\/#\/schema\/logo\/image\/\",\"url\":\"https:\/\/paucostafoundation.digitalnature.es\/wp-content\/uploads\/2021\/06\/logo.png\",\"contentUrl\":\"https:\/\/paucostafoundation.digitalnature.es\/wp-content\/uploads\/2021\/06\/logo.png\",\"width\":873,\"height\":358,\"caption\":\"Pau Costa Foundation\"},\"image\":{\"@id\":\"https:\/\/www.paucostafoundation.org\/ca\/#\/schema\/logo\/image\/\"}},{\"@type\":\"Person\",\"@id\":\"https:\/\/www.paucostafoundation.org\/ca\/#\/schema\/person\/a99d245ae7b17eca82ca4e47fb514a7c\",\"name\":\"Ariadna Goenaga\"}]}<\/script>\n<!-- \/ Yoast SEO plugin. -->","yoast_head_json":{"title":"\"Ramats de Foc\" rep 100.000\u20ac del Fondo Futuro Sostenible del BBVA","robots":{"index":"index","follow":"follow","max-snippet":"max-snippet:-1","max-image-preview":"max-image-preview:large","max-video-preview":"max-video-preview:-1"},"canonical":"https:\/\/www.paucostafoundation.org\/ca\/ramats-de-foc-rep-10-000e-del-fondo-futuro-sostenible-del-bbva\/","og_locale":"ca_ES","og_type":"article","og_title":"\"Ramats de Foc\" rep 100.000\u20ac del Fondo Futuro Sostenible del BBVA","og_description":"El &#8220;Fondo Futuro Sostenible&#8221; del BBVA contribueix a impulsar projectes vinculats a inclusi\u00f3 social, depend\u00e8ncia, majors i salut i medi ambient, \u00e0mbits inclosos en els Objectius de Desenvolupament Sostenible (ODS). En la seva IV Convovat\u00f2ria Solid\u00e0ria BBVA, la Fundaci\u00f3 Pau Costa ha estat reconeguda amb un dels premis nacionals i rebr\u00e0 100.000 euros per continuar [&hellip;]","og_url":"https:\/\/www.paucostafoundation.org\/ca\/ramats-de-foc-rep-10-000e-del-fondo-futuro-sostenible-del-bbva\/","og_site_name":"Pau Costa Foundation","article_published_time":"2022-06-15T10:12:06+00:00","article_modified_time":"2022-11-28T07:18:24+00:00","og_image":[{"width":1920,"height":1282,"url":"https:\/\/www.paucostafoundation.org\/wp-content\/uploads\/2022\/06\/ramats-de-foc-1.jpeg","type":"image\/jpeg"}],"author":"Ariadna Goenaga","twitter_card":"summary_large_image","twitter_misc":{"Escrit per":"Ariadna Goenaga","Temps estimat de lectura":"3 minuts"},"schema":{"@context":"https:\/\/schema.org","@graph":[{"@type":"Article","@id":"https:\/\/www.paucostafoundation.org\/ca\/ramats-de-foc-rep-10-000e-del-fondo-futuro-sostenible-del-bbva\/#article","isPartOf":{"@id":"https:\/\/www.paucostafoundation.org\/ca\/ramats-de-foc-rep-10-000e-del-fondo-futuro-sostenible-del-bbva\/"},"author":{"name":"Ariadna Goenaga","@id":"https:\/\/www.paucostafoundation.org\/ca\/#\/schema\/person\/a99d245ae7b17eca82ca4e47fb514a7c"},"headline":"&#8220;Ramats de Foc&#8221; rep 100.000\u20ac del Fondo Futuro Sostenible del BBVA","datePublished":"2022-06-15T10:12:06+00:00","dateModified":"2022-11-28T07:18:24+00:00","mainEntityOfPage":{"@id":"https:\/\/www.paucostafoundation.org\/ca\/ramats-de-foc-rep-10-000e-del-fondo-futuro-sostenible-del-bbva\/"},"wordCount":437,"commentCount":0,"publisher":{"@id":"https:\/\/www.paucostafoundation.org\/ca\/#organization"},"image":{"@id":"https:\/\/www.paucostafoundation.org\/ca\/ramats-de-foc-rep-10-000e-del-fondo-futuro-sostenible-del-bbva\/#primaryimage"},"thumbnailUrl":"https:\/\/www.paucostafoundation.org\/wp-content\/uploads\/2022\/06\/ramats-de-foc-1.jpeg","articleSection":["Blog CA"],"inLanguage":"ca","potentialAction":[{"@type":"CommentAction","name":"Comment","target":["https:\/\/www.paucostafoundation.org\/ca\/ramats-de-foc-rep-10-000e-del-fondo-futuro-sostenible-del-bbva\/#respond"]}]},{"@type":"WebPage","@id":"https:\/\/www.paucostafoundation.org\/ca\/ramats-de-foc-rep-10-000e-del-fondo-futuro-sostenible-del-bbva\/","url":"https:\/\/www.paucostafoundation.org\/ca\/ramats-de-foc-rep-10-000e-del-fondo-futuro-sostenible-del-bbva\/","name":"\"Ramats de Foc\" rep 100.000\u20ac del Fondo Futuro Sostenible del BBVA","isPartOf":{"@id":"https:\/\/www.paucostafoundation.org\/ca\/#website"},"primaryImageOfPage":{"@id":"https:\/\/www.paucostafoundation.org\/ca\/ramats-de-foc-rep-10-000e-del-fondo-futuro-sostenible-del-bbva\/#primaryimage"},"image":{"@id":"https:\/\/www.paucostafoundation.org\/ca\/ramats-de-foc-rep-10-000e-del-fondo-futuro-sostenible-del-bbva\/#primaryimage"},"thumbnailUrl":"https:\/\/www.paucostafoundation.org\/wp-content\/uploads\/2022\/06\/ramats-de-foc-1.jpeg","datePublished":"2022-06-15T10:12:06+00:00","dateModified":"2022-11-28T07:18:24+00:00","breadcrumb":{"@id":"https:\/\/www.paucostafoundation.org\/ca\/ramats-de-foc-rep-10-000e-del-fondo-futuro-sostenible-del-bbva\/#breadcrumb"},"inLanguage":"ca","potentialAction":[{"@type":"ReadAction","target":["https:\/\/www.paucostafoundation.org\/ca\/ramats-de-foc-rep-10-000e-del-fondo-futuro-sostenible-del-bbva\/"]}]},{"@type":"ImageObject","inLanguage":"ca","@id":"https:\/\/www.paucostafoundation.org\/ca\/ramats-de-foc-rep-10-000e-del-fondo-futuro-sostenible-del-bbva\/#primaryimage","url":"https:\/\/www.paucostafoundation.org\/wp-content\/uploads\/2022\/06\/ramats-de-foc-1.jpeg","contentUrl":"https:\/\/www.paucostafoundation.org\/wp-content\/uploads\/2022\/06\/ramats-de-foc-1.jpeg","width":1920,"height":1282},{"@type":"BreadcrumbList","@id":"https:\/\/www.paucostafoundation.org\/ca\/ramats-de-foc-rep-10-000e-del-fondo-futuro-sostenible-del-bbva\/#breadcrumb","itemListElement":[{"@type":"ListItem","position":1,"name":"Inicio","item":"https:\/\/www.paucostafoundation.org\/ca\/"},{"@type":"ListItem","position":2,"name":"\u00abRamats de Foc\u00bb rep 100.000\u20ac del Fondo Futuro Sostenible del BBVA"}]},{"@type":"WebSite","@id":"https:\/\/www.paucostafoundation.org\/ca\/#website","url":"https:\/\/www.paucostafoundation.org\/ca\/","name":"Pau Costa Foundation","description":"CONCIENCIA E INVESTIGA LOS INCENDIOS FORESTALES","publisher":{"@id":"https:\/\/www.paucostafoundation.org\/ca\/#organization"},"potentialAction":[{"@type":"SearchAction","target":{"@type":"EntryPoint","urlTemplate":"https:\/\/www.paucostafoundation.org\/ca\/?s={search_term_string}"},"query-input":{"@type":"PropertyValueSpecification","valueRequired":true,"valueName":"search_term_string"}}],"inLanguage":"ca"},{"@type":"Organization","@id":"https:\/\/www.paucostafoundation.org\/ca\/#organization","name":"Pau Costa Foundation","url":"https:\/\/www.paucostafoundation.org\/ca\/","logo":{"@type":"ImageObject","inLanguage":"ca","@id":"https:\/\/www.paucostafoundation.org\/ca\/#\/schema\/logo\/image\/","url":"https:\/\/paucostafoundation.digitalnature.es\/wp-content\/uploads\/2021\/06\/logo.png","contentUrl":"https:\/\/paucostafoundation.digitalnature.es\/wp-content\/uploads\/2021\/06\/logo.png","width":873,"height":358,"caption":"Pau Costa Foundation"},"image":{"@id":"https:\/\/www.paucostafoundation.org\/ca\/#\/schema\/logo\/image\/"}},{"@type":"Person","@id":"https:\/\/www.paucostafoundation.org\/ca\/#\/schema\/person\/a99d245ae7b17eca82ca4e47fb514a7c","name":"Ariadna Goenaga"}]}},"_links":{"self":[{"href":"https:\/\/www.paucostafoundation.org\/ca\/wp-json\/wp\/v2\/posts\/7417","targetHints":{"allow":["GET"]}}],"collection":[{"href":"https:\/\/www.paucostafoundation.org\/ca\/wp-json\/wp\/v2\/posts"}],"about":[{"href":"https:\/\/www.paucostafoundation.org\/ca\/wp-json\/wp\/v2\/types\/post"}],"author":[{"embeddable":true,"href":"https:\/\/www.paucostafoundation.org\/ca\/wp-json\/wp\/v2\/users\/12"}],"replies":[{"embeddable":true,"href":"https:\/\/www.paucostafoundation.org\/ca\/wp-json\/wp\/v2\/comments?post=7417"}],"version-history":[{"count":8,"href":"https:\/\/www.paucostafoundation.org\/ca\/wp-json\/wp\/v2\/posts\/7417\/revisions"}],"predecessor-version":[{"id":9492,"href":"https:\/\/www.paucostafoundation.org\/ca\/wp-json\/wp\/v2\/posts\/7417\/revisions\/9492"}],"wp:featuredmedia":[{"embeddable":true,"href":"https:\/\/www.paucostafoundation.org\/ca\/wp-json\/wp\/v2\/media\/7392"}],"wp:attachment":[{"href":"https:\/\/www.paucostafoundation.org\/ca\/wp-json\/wp\/v2\/media?parent=7417"}],"wp:term":[{"taxonomy":"category","embeddable":true,"href":"https:\/\/www.paucostafoundation.org\/ca\/wp-json\/wp\/v2\/categories?post=7417"},{"taxonomy":"post_tag","embeddable":true,"href":"https:\/\/www.paucostafoundation.org\/ca\/wp-json\/wp\/v2\/tags?post=7417"}],"curies":[{"name":"wp","href":"https:\/\/api.w.org\/{rel}","templated":true}]}}