{"id":24306,"date":"2026-04-22T14:07:24","date_gmt":"2026-04-22T14:07:24","guid":{"rendered":"https:\/\/www.paucostafoundation.org\/the-pcf-is-leading-the-wildfire-recovery-project-in-northern-ireland\/"},"modified":"2026-04-30T13:55:03","modified_gmt":"2026-04-30T13:55:03","slug":"the-pcf-is-leading-the-wildfire-recovery-project-in-northern-ireland","status":"publish","type":"post","link":"https:\/\/www.paucostafoundation.org\/ca\/the-pcf-is-leading-the-wildfire-recovery-project-in-northern-ireland\/","title":{"rendered":"The PCF is leading the Wildfire Recovery Project  in Northern Ireland"},"content":{"rendered":"\n<p>El Pla d\u2019Acci\u00f3 enfront dels Incendis Forestals per a Irlanda del Nord, impulsat pel ministre del<a href=\"https:\/\/www.daera-ni.gov.uk\/\" target=\"_blank\" rel=\"noreferrer noopener\"> DAERA<\/a>, Andrew Muir, \u00e9s un pas significatiu endavant per abordar l\u2019amena\u00e7a creixent dels incendis forestals. Desenvolupat mitjan\u00e7ant una s\u00f2lida col\u00b7laboraci\u00f3 interinstitucional sota el Marc Estrat\u00e8gic d\u2019Incendis Forestals, el pla estableix un enfocament integral per a la gesti\u00f3 dels incendis forestals a trav\u00e9s de cinc pilars clau: prevenci\u00f3, preparaci\u00f3, resposta, recuperaci\u00f3 i compliment normatiu. En conjunt, aquestes prioritats \u2014recolzades per 35 accions espec\u00edfiques\u2014 tenen com a objectiu refor\u00e7ar la capacitat i la resili\u00e8ncia regionals.<\/p>\n\n\n\n<p>Com a part de la implementaci\u00f3 del pla, la Fundaci\u00f3 Pau Costa lidera un consorci internacional d\u2019experts en incendis forestals per desenvolupar un projecte espec\u00edfic de Recuperaci\u00f3 d\u2019Incendis Forestals. Aquesta iniciativa se centrar\u00e0 a millorar la resili\u00e8ncia en paisatges d\u2019alt valor i vulnerables, incloent-hi les zones d\u2019Eastern Mournes, North Antrim Hills i Carn-Glenshane.<\/p>\n\n\n\n<figure class=\"wp-block-gallery has-nested-images columns-default is-cropped wp-block-gallery-1 is-layout-flex wp-block-gallery-is-layout-flex\">\n<figure class=\"wp-block-image size-large\"><a href=\"https:\/\/www.paucostafoundation.org\/wp-content\/uploads\/2026\/04\/trail-1024x768.jpeg\"><img fetchpriority=\"high\" decoding=\"async\" width=\"1024\" height=\"768\" data-id=\"24284\" src=\"https:\/\/www.paucostafoundation.org\/wp-content\/uploads\/2026\/04\/trail-1024x768.jpeg\" alt=\"\" class=\"wp-image-24284\" srcset=\"https:\/\/www.paucostafoundation.org\/wp-content\/uploads\/2026\/04\/trail-1024x768.jpeg 1024w, https:\/\/www.paucostafoundation.org\/wp-content\/uploads\/2026\/04\/trail-300x225.jpeg 300w, https:\/\/www.paucostafoundation.org\/wp-content\/uploads\/2026\/04\/trail-768x576.jpeg 768w, https:\/\/www.paucostafoundation.org\/wp-content\/uploads\/2026\/04\/trail-1536x1152.jpeg 1536w, https:\/\/www.paucostafoundation.org\/wp-content\/uploads\/2026\/04\/trail-600x450.jpeg 600w, https:\/\/www.paucostafoundation.org\/wp-content\/uploads\/2026\/04\/trail.jpeg 2048w\" sizes=\"(max-width: 1024px) 100vw, 1024px\" \/><\/a><\/figure>\n\n\n\n<figure class=\"wp-block-image size-large\"><a href=\"https:\/\/www.paucostafoundation.org\/wp-content\/uploads\/2026\/04\/arbres-IR-1024x768.jpeg\"><img decoding=\"async\" width=\"1024\" height=\"768\" data-id=\"24287\" src=\"https:\/\/www.paucostafoundation.org\/wp-content\/uploads\/2026\/04\/arbres-IR-1024x768.jpeg\" alt=\"\" class=\"wp-image-24287\" srcset=\"https:\/\/www.paucostafoundation.org\/wp-content\/uploads\/2026\/04\/arbres-IR-1024x768.jpeg 1024w, https:\/\/www.paucostafoundation.org\/wp-content\/uploads\/2026\/04\/arbres-IR-300x225.jpeg 300w, https:\/\/www.paucostafoundation.org\/wp-content\/uploads\/2026\/04\/arbres-IR-768x576.jpeg 768w, https:\/\/www.paucostafoundation.org\/wp-content\/uploads\/2026\/04\/arbres-IR-1536x1152.jpeg 1536w, https:\/\/www.paucostafoundation.org\/wp-content\/uploads\/2026\/04\/arbres-IR-600x450.jpeg 600w, https:\/\/www.paucostafoundation.org\/wp-content\/uploads\/2026\/04\/arbres-IR.jpeg 2048w\" sizes=\"(max-width: 1024px) 100vw, 1024px\" \/><\/a><\/figure>\n<\/figure>\n\n\n\n<p>En paraules del ministre Muir: \u00abTots hem estat testimonis de les devastadores conseq\u00fc\u00e8ncies dels incendis forestals en els darrers anys, posant en perill llars, empreses i comunitats, alhora que es danyen h\u00e0bitats de muntanya vitals arreu d\u2019Irlanda del Nord. El Pla d\u2019Acci\u00f3 enfront dels Incendis Forestals estableix com treballarem conjuntament per reduir el risc mitjan\u00e7ant la implementaci\u00f3 d\u2019accions espec\u00edfiques en els anys vinents. La seva aplicaci\u00f3 ajudar\u00e0 a fer les nostres comunitats m\u00e9s resilients, augmentant la conscienciaci\u00f3 sobre els perills i proporcionant les eines per adaptar-se i mitigar els riscos d\u2019incendis forestals.\u00bb<\/p>\n\n\n\n<p>Durant els pr\u00f2xims tres anys, la Fundaci\u00f3 i els seus socis treballaran estretament amb els actors locals \u2014des dels serveis de bombers i rescat fins als propietaris de terres, agricultors, organismes p\u00fablics i ONG\u2014 per codesenvolupar estrat\u00e8gies de gesti\u00f3 i resposta als incendis forestals adaptades a cada paisatge. Aquest enfocament col\u00b7laboratiu garanteix que el coneixement local i l\u2019experi\u00e8ncia pr\u00e0ctica s\u2019integrin amb l\u2019expertesa internacional.<\/p>\n\n\n\n<p>El projecte representa una oportunitat per avan\u00e7ar en la reducci\u00f3 del risc d\u2019incendis forestals, alhora que dona suport a objectius m\u00e9s amplis com l\u2019adaptaci\u00f3 al canvi clim\u00e0tic, la conservaci\u00f3 de la biodiversitat i la restauraci\u00f3 de torberes. Mitjan\u00e7ant el foment de la cooperaci\u00f3 intersectorial i l\u2019intercanvi de coneixement arreu d\u2019Europa, la iniciativa t\u00e9 com a objectiu refor\u00e7ar tant la capacitat local com internacional per prevenir i respondre als incendis forestals.<\/p>\n\n\n\n<p>Jordi Vendrell, director de la Fundaci\u00f3 Pau Costa, va destacar la import\u00e0ncia d\u2019aquest esfor\u00e7: \u00abIrlanda del Nord demostra un alt nivell d\u2019aven\u00e7 en la gesti\u00f3 dels incendis forestals i la planificaci\u00f3 estrat\u00e8gica. Iniciatives com aquesta no nom\u00e9s reforcen aquest lideratge, sin\u00f3 que tamb\u00e9 creen valuoses oportunitats per connectar coneixement entre regions, millorant en \u00faltima inst\u00e0ncia la manera com abordem col\u00b7lectivament el risc d\u2019incendis forestals.\u00bb<\/p>\n","protected":false},"excerpt":{"rendered":"<p>El Pla d\u2019Acci\u00f3 enfront dels Incendis Forestals per a Irlanda del Nord, impulsat pel ministre del DAERA, Andrew Muir, \u00e9s un pas significatiu endavant per abordar l\u2019amena\u00e7a creixent dels incendis forestals. Desenvolupat mitjan\u00e7ant una s\u00f2lida col\u00b7laboraci\u00f3 interinstitucional sota el Marc Estrat\u00e8gic d\u2019Incendis Forestals, el pla estableix un enfocament integral per a la gesti\u00f3 dels incendis [&hellip;]<\/p>\n","protected":false},"author":12,"featured_media":24282,"comment_status":"closed","ping_status":"closed","sticky":false,"template":"","format":"standard","meta":{"_acf_changed":false,"give_campaign_id":0,"footnotes":""},"categories":[37,84],"tags":[],"class_list":["post-24306","post","type-post","status-publish","format-standard","has-post-thumbnail","hentry","category-actualidad-ca","category-blog-ca"],"acf":[],"yoast_head":"<!-- This site is optimized with the Yoast SEO plugin v26.3 - https:\/\/yoast.com\/wordpress\/plugins\/seo\/ -->\n<title>The PCF is leading the Wildfire Recovery Project in Northern Ireland<\/title>\n<meta name=\"robots\" content=\"index, follow, max-snippet:-1, max-image-preview:large, max-video-preview:-1\" \/>\n<link rel=\"canonical\" href=\"https:\/\/www.paucostafoundation.org\/ca\/the-pcf-is-leading-the-wildfire-recovery-project-in-northern-ireland\/\" \/>\n<meta property=\"og:locale\" content=\"ca_ES\" \/>\n<meta property=\"og:type\" content=\"article\" \/>\n<meta property=\"og:title\" content=\"The PCF is leading the Wildfire Recovery Project in Northern Ireland\" \/>\n<meta property=\"og:description\" content=\"El Pla d\u2019Acci\u00f3 enfront dels Incendis Forestals per a Irlanda del Nord, impulsat pel ministre del DAERA, Andrew Muir, \u00e9s un pas significatiu endavant per abordar l\u2019amena\u00e7a creixent dels incendis forestals. Desenvolupat mitjan\u00e7ant una s\u00f2lida col\u00b7laboraci\u00f3 interinstitucional sota el Marc Estrat\u00e8gic d\u2019Incendis Forestals, el pla estableix un enfocament integral per a la gesti\u00f3 dels incendis [&hellip;]\" \/>\n<meta property=\"og:url\" content=\"https:\/\/www.paucostafoundation.org\/ca\/the-pcf-is-leading-the-wildfire-recovery-project-in-northern-ireland\/\" \/>\n<meta property=\"og:site_name\" content=\"Pau Costa Foundation\" \/>\n<meta property=\"article:published_time\" content=\"2026-04-22T14:07:24+00:00\" \/>\n<meta property=\"article:modified_time\" content=\"2026-04-30T13:55:03+00:00\" \/>\n<meta property=\"og:image\" content=\"https:\/\/www.paucostafoundation.org\/wp-content\/uploads\/2026\/04\/paisatge.jpeg\" \/>\n\t<meta property=\"og:image:width\" content=\"2048\" \/>\n\t<meta property=\"og:image:height\" content=\"1536\" \/>\n\t<meta property=\"og:image:type\" content=\"image\/jpeg\" \/>\n<meta name=\"author\" content=\"Ariadna Goenaga\" \/>\n<meta name=\"twitter:card\" content=\"summary_large_image\" \/>\n<meta name=\"twitter:label1\" content=\"Escrit per\" \/>\n\t<meta name=\"twitter:data1\" content=\"Ariadna Goenaga\" \/>\n\t<meta name=\"twitter:label2\" content=\"Temps estimat de lectura\" \/>\n\t<meta name=\"twitter:data2\" content=\"3 minuts\" \/>\n<script type=\"application\/ld+json\" class=\"yoast-schema-graph\">{\"@context\":\"https:\/\/schema.org\",\"@graph\":[{\"@type\":\"Article\",\"@id\":\"https:\/\/www.paucostafoundation.org\/ca\/the-pcf-is-leading-the-wildfire-recovery-project-in-northern-ireland\/#article\",\"isPartOf\":{\"@id\":\"https:\/\/www.paucostafoundation.org\/ca\/the-pcf-is-leading-the-wildfire-recovery-project-in-northern-ireland\/\"},\"author\":{\"name\":\"Ariadna Goenaga\",\"@id\":\"https:\/\/www.paucostafoundation.org\/ca\/#\/schema\/person\/a99d245ae7b17eca82ca4e47fb514a7c\"},\"headline\":\"The PCF is leading the Wildfire Recovery Project in Northern Ireland\",\"datePublished\":\"2026-04-22T14:07:24+00:00\",\"dateModified\":\"2026-04-30T13:55:03+00:00\",\"mainEntityOfPage\":{\"@id\":\"https:\/\/www.paucostafoundation.org\/ca\/the-pcf-is-leading-the-wildfire-recovery-project-in-northern-ireland\/\"},\"wordCount\":494,\"publisher\":{\"@id\":\"https:\/\/www.paucostafoundation.org\/ca\/#organization\"},\"image\":{\"@id\":\"https:\/\/www.paucostafoundation.org\/ca\/the-pcf-is-leading-the-wildfire-recovery-project-in-northern-ireland\/#primaryimage\"},\"thumbnailUrl\":\"https:\/\/www.paucostafoundation.org\/wp-content\/uploads\/2026\/04\/paisatge.jpeg\",\"articleSection\":[\"Actualidad CA\",\"Blog CA\"],\"inLanguage\":\"ca\"},{\"@type\":\"WebPage\",\"@id\":\"https:\/\/www.paucostafoundation.org\/ca\/the-pcf-is-leading-the-wildfire-recovery-project-in-northern-ireland\/\",\"url\":\"https:\/\/www.paucostafoundation.org\/ca\/the-pcf-is-leading-the-wildfire-recovery-project-in-northern-ireland\/\",\"name\":\"The PCF is leading the Wildfire Recovery Project in Northern Ireland\",\"isPartOf\":{\"@id\":\"https:\/\/www.paucostafoundation.org\/ca\/#website\"},\"primaryImageOfPage\":{\"@id\":\"https:\/\/www.paucostafoundation.org\/ca\/the-pcf-is-leading-the-wildfire-recovery-project-in-northern-ireland\/#primaryimage\"},\"image\":{\"@id\":\"https:\/\/www.paucostafoundation.org\/ca\/the-pcf-is-leading-the-wildfire-recovery-project-in-northern-ireland\/#primaryimage\"},\"thumbnailUrl\":\"https:\/\/www.paucostafoundation.org\/wp-content\/uploads\/2026\/04\/paisatge.jpeg\",\"datePublished\":\"2026-04-22T14:07:24+00:00\",\"dateModified\":\"2026-04-30T13:55:03+00:00\",\"breadcrumb\":{\"@id\":\"https:\/\/www.paucostafoundation.org\/ca\/the-pcf-is-leading-the-wildfire-recovery-project-in-northern-ireland\/#breadcrumb\"},\"inLanguage\":\"ca\",\"potentialAction\":[{\"@type\":\"ReadAction\",\"target\":[\"https:\/\/www.paucostafoundation.org\/ca\/the-pcf-is-leading-the-wildfire-recovery-project-in-northern-ireland\/\"]}]},{\"@type\":\"ImageObject\",\"inLanguage\":\"ca\",\"@id\":\"https:\/\/www.paucostafoundation.org\/ca\/the-pcf-is-leading-the-wildfire-recovery-project-in-northern-ireland\/#primaryimage\",\"url\":\"https:\/\/www.paucostafoundation.org\/wp-content\/uploads\/2026\/04\/paisatge.jpeg\",\"contentUrl\":\"https:\/\/www.paucostafoundation.org\/wp-content\/uploads\/2026\/04\/paisatge.jpeg\",\"width\":2048,\"height\":1536},{\"@type\":\"BreadcrumbList\",\"@id\":\"https:\/\/www.paucostafoundation.org\/ca\/the-pcf-is-leading-the-wildfire-recovery-project-in-northern-ireland\/#breadcrumb\",\"itemListElement\":[{\"@type\":\"ListItem\",\"position\":1,\"name\":\"Inicio\",\"item\":\"https:\/\/www.paucostafoundation.org\/ca\/\"},{\"@type\":\"ListItem\",\"position\":2,\"name\":\"The PCF is leading the Wildfire Recovery Project in Northern Ireland\"}]},{\"@type\":\"WebSite\",\"@id\":\"https:\/\/www.paucostafoundation.org\/ca\/#website\",\"url\":\"https:\/\/www.paucostafoundation.org\/ca\/\",\"name\":\"Pau Costa Foundation\",\"description\":\"CONCIENCIA E INVESTIGA LOS INCENDIOS FORESTALES\",\"publisher\":{\"@id\":\"https:\/\/www.paucostafoundation.org\/ca\/#organization\"},\"potentialAction\":[{\"@type\":\"SearchAction\",\"target\":{\"@type\":\"EntryPoint\",\"urlTemplate\":\"https:\/\/www.paucostafoundation.org\/ca\/?s={search_term_string}\"},\"query-input\":{\"@type\":\"PropertyValueSpecification\",\"valueRequired\":true,\"valueName\":\"search_term_string\"}}],\"inLanguage\":\"ca\"},{\"@type\":\"Organization\",\"@id\":\"https:\/\/www.paucostafoundation.org\/ca\/#organization\",\"name\":\"Pau Costa Foundation\",\"url\":\"https:\/\/www.paucostafoundation.org\/ca\/\",\"logo\":{\"@type\":\"ImageObject\",\"inLanguage\":\"ca\",\"@id\":\"https:\/\/www.paucostafoundation.org\/ca\/#\/schema\/logo\/image\/\",\"url\":\"https:\/\/paucostafoundation.digitalnature.es\/wp-content\/uploads\/2021\/06\/logo.png\",\"contentUrl\":\"https:\/\/paucostafoundation.digitalnature.es\/wp-content\/uploads\/2021\/06\/logo.png\",\"width\":873,\"height\":358,\"caption\":\"Pau Costa Foundation\"},\"image\":{\"@id\":\"https:\/\/www.paucostafoundation.org\/ca\/#\/schema\/logo\/image\/\"}},{\"@type\":\"Person\",\"@id\":\"https:\/\/www.paucostafoundation.org\/ca\/#\/schema\/person\/a99d245ae7b17eca82ca4e47fb514a7c\",\"name\":\"Ariadna Goenaga\"}]}<\/script>\n<!-- \/ Yoast SEO plugin. -->","yoast_head_json":{"title":"The PCF is leading the Wildfire Recovery Project in Northern Ireland","robots":{"index":"index","follow":"follow","max-snippet":"max-snippet:-1","max-image-preview":"max-image-preview:large","max-video-preview":"max-video-preview:-1"},"canonical":"https:\/\/www.paucostafoundation.org\/ca\/the-pcf-is-leading-the-wildfire-recovery-project-in-northern-ireland\/","og_locale":"ca_ES","og_type":"article","og_title":"The PCF is leading the Wildfire Recovery Project in Northern Ireland","og_description":"El Pla d\u2019Acci\u00f3 enfront dels Incendis Forestals per a Irlanda del Nord, impulsat pel ministre del DAERA, Andrew Muir, \u00e9s un pas significatiu endavant per abordar l\u2019amena\u00e7a creixent dels incendis forestals. Desenvolupat mitjan\u00e7ant una s\u00f2lida col\u00b7laboraci\u00f3 interinstitucional sota el Marc Estrat\u00e8gic d\u2019Incendis Forestals, el pla estableix un enfocament integral per a la gesti\u00f3 dels incendis [&hellip;]","og_url":"https:\/\/www.paucostafoundation.org\/ca\/the-pcf-is-leading-the-wildfire-recovery-project-in-northern-ireland\/","og_site_name":"Pau Costa Foundation","article_published_time":"2026-04-22T14:07:24+00:00","article_modified_time":"2026-04-30T13:55:03+00:00","og_image":[{"width":2048,"height":1536,"url":"https:\/\/www.paucostafoundation.org\/wp-content\/uploads\/2026\/04\/paisatge.jpeg","type":"image\/jpeg"}],"author":"Ariadna Goenaga","twitter_card":"summary_large_image","twitter_misc":{"Escrit per":"Ariadna Goenaga","Temps estimat de lectura":"3 minuts"},"schema":{"@context":"https:\/\/schema.org","@graph":[{"@type":"Article","@id":"https:\/\/www.paucostafoundation.org\/ca\/the-pcf-is-leading-the-wildfire-recovery-project-in-northern-ireland\/#article","isPartOf":{"@id":"https:\/\/www.paucostafoundation.org\/ca\/the-pcf-is-leading-the-wildfire-recovery-project-in-northern-ireland\/"},"author":{"name":"Ariadna Goenaga","@id":"https:\/\/www.paucostafoundation.org\/ca\/#\/schema\/person\/a99d245ae7b17eca82ca4e47fb514a7c"},"headline":"The PCF is leading the Wildfire Recovery Project in Northern Ireland","datePublished":"2026-04-22T14:07:24+00:00","dateModified":"2026-04-30T13:55:03+00:00","mainEntityOfPage":{"@id":"https:\/\/www.paucostafoundation.org\/ca\/the-pcf-is-leading-the-wildfire-recovery-project-in-northern-ireland\/"},"wordCount":494,"publisher":{"@id":"https:\/\/www.paucostafoundation.org\/ca\/#organization"},"image":{"@id":"https:\/\/www.paucostafoundation.org\/ca\/the-pcf-is-leading-the-wildfire-recovery-project-in-northern-ireland\/#primaryimage"},"thumbnailUrl":"https:\/\/www.paucostafoundation.org\/wp-content\/uploads\/2026\/04\/paisatge.jpeg","articleSection":["Actualidad CA","Blog CA"],"inLanguage":"ca"},{"@type":"WebPage","@id":"https:\/\/www.paucostafoundation.org\/ca\/the-pcf-is-leading-the-wildfire-recovery-project-in-northern-ireland\/","url":"https:\/\/www.paucostafoundation.org\/ca\/the-pcf-is-leading-the-wildfire-recovery-project-in-northern-ireland\/","name":"The PCF is leading the Wildfire Recovery Project in Northern Ireland","isPartOf":{"@id":"https:\/\/www.paucostafoundation.org\/ca\/#website"},"primaryImageOfPage":{"@id":"https:\/\/www.paucostafoundation.org\/ca\/the-pcf-is-leading-the-wildfire-recovery-project-in-northern-ireland\/#primaryimage"},"image":{"@id":"https:\/\/www.paucostafoundation.org\/ca\/the-pcf-is-leading-the-wildfire-recovery-project-in-northern-ireland\/#primaryimage"},"thumbnailUrl":"https:\/\/www.paucostafoundation.org\/wp-content\/uploads\/2026\/04\/paisatge.jpeg","datePublished":"2026-04-22T14:07:24+00:00","dateModified":"2026-04-30T13:55:03+00:00","breadcrumb":{"@id":"https:\/\/www.paucostafoundation.org\/ca\/the-pcf-is-leading-the-wildfire-recovery-project-in-northern-ireland\/#breadcrumb"},"inLanguage":"ca","potentialAction":[{"@type":"ReadAction","target":["https:\/\/www.paucostafoundation.org\/ca\/the-pcf-is-leading-the-wildfire-recovery-project-in-northern-ireland\/"]}]},{"@type":"ImageObject","inLanguage":"ca","@id":"https:\/\/www.paucostafoundation.org\/ca\/the-pcf-is-leading-the-wildfire-recovery-project-in-northern-ireland\/#primaryimage","url":"https:\/\/www.paucostafoundation.org\/wp-content\/uploads\/2026\/04\/paisatge.jpeg","contentUrl":"https:\/\/www.paucostafoundation.org\/wp-content\/uploads\/2026\/04\/paisatge.jpeg","width":2048,"height":1536},{"@type":"BreadcrumbList","@id":"https:\/\/www.paucostafoundation.org\/ca\/the-pcf-is-leading-the-wildfire-recovery-project-in-northern-ireland\/#breadcrumb","itemListElement":[{"@type":"ListItem","position":1,"name":"Inicio","item":"https:\/\/www.paucostafoundation.org\/ca\/"},{"@type":"ListItem","position":2,"name":"The PCF is leading the Wildfire Recovery Project in Northern Ireland"}]},{"@type":"WebSite","@id":"https:\/\/www.paucostafoundation.org\/ca\/#website","url":"https:\/\/www.paucostafoundation.org\/ca\/","name":"Pau Costa Foundation","description":"CONCIENCIA E INVESTIGA LOS INCENDIOS FORESTALES","publisher":{"@id":"https:\/\/www.paucostafoundation.org\/ca\/#organization"},"potentialAction":[{"@type":"SearchAction","target":{"@type":"EntryPoint","urlTemplate":"https:\/\/www.paucostafoundation.org\/ca\/?s={search_term_string}"},"query-input":{"@type":"PropertyValueSpecification","valueRequired":true,"valueName":"search_term_string"}}],"inLanguage":"ca"},{"@type":"Organization","@id":"https:\/\/www.paucostafoundation.org\/ca\/#organization","name":"Pau Costa Foundation","url":"https:\/\/www.paucostafoundation.org\/ca\/","logo":{"@type":"ImageObject","inLanguage":"ca","@id":"https:\/\/www.paucostafoundation.org\/ca\/#\/schema\/logo\/image\/","url":"https:\/\/paucostafoundation.digitalnature.es\/wp-content\/uploads\/2021\/06\/logo.png","contentUrl":"https:\/\/paucostafoundation.digitalnature.es\/wp-content\/uploads\/2021\/06\/logo.png","width":873,"height":358,"caption":"Pau Costa Foundation"},"image":{"@id":"https:\/\/www.paucostafoundation.org\/ca\/#\/schema\/logo\/image\/"}},{"@type":"Person","@id":"https:\/\/www.paucostafoundation.org\/ca\/#\/schema\/person\/a99d245ae7b17eca82ca4e47fb514a7c","name":"Ariadna Goenaga"}]}},"_links":{"self":[{"href":"https:\/\/www.paucostafoundation.org\/ca\/wp-json\/wp\/v2\/posts\/24306","targetHints":{"allow":["GET"]}}],"collection":[{"href":"https:\/\/www.paucostafoundation.org\/ca\/wp-json\/wp\/v2\/posts"}],"about":[{"href":"https:\/\/www.paucostafoundation.org\/ca\/wp-json\/wp\/v2\/types\/post"}],"author":[{"embeddable":true,"href":"https:\/\/www.paucostafoundation.org\/ca\/wp-json\/wp\/v2\/users\/12"}],"replies":[{"embeddable":true,"href":"https:\/\/www.paucostafoundation.org\/ca\/wp-json\/wp\/v2\/comments?post=24306"}],"version-history":[{"count":3,"href":"https:\/\/www.paucostafoundation.org\/ca\/wp-json\/wp\/v2\/posts\/24306\/revisions"}],"predecessor-version":[{"id":24313,"href":"https:\/\/www.paucostafoundation.org\/ca\/wp-json\/wp\/v2\/posts\/24306\/revisions\/24313"}],"wp:featuredmedia":[{"embeddable":true,"href":"https:\/\/www.paucostafoundation.org\/ca\/wp-json\/wp\/v2\/media\/24282"}],"wp:attachment":[{"href":"https:\/\/www.paucostafoundation.org\/ca\/wp-json\/wp\/v2\/media?parent=24306"}],"wp:term":[{"taxonomy":"category","embeddable":true,"href":"https:\/\/www.paucostafoundation.org\/ca\/wp-json\/wp\/v2\/categories?post=24306"},{"taxonomy":"post_tag","embeddable":true,"href":"https:\/\/www.paucostafoundation.org\/ca\/wp-json\/wp\/v2\/tags?post=24306"}],"curies":[{"name":"wp","href":"https:\/\/api.w.org\/{rel}","templated":true}]}}