{"id":16766,"date":"2024-05-30T12:00:46","date_gmt":"2024-05-30T12:00:46","guid":{"rendered":"https:\/\/www.paucostafoundation.org\/?p=16766"},"modified":"2024-05-30T12:06:34","modified_gmt":"2024-05-30T12:06:34","slug":"ens-sumem-a-desbosiguem","status":"publish","type":"post","link":"https:\/\/www.paucostafoundation.org\/ca\/ens-sumem-a-desbosiguem\/","title":{"rendered":"Ens sumem a Desbosiguem!, per mantenir els espais oberts i reduir el risc d&#8217;incendi al Pirineu"},"content":{"rendered":"\n<p>La setmana passada va tenir lloc la reuni\u00f3 d\u2019inici del projecte transfronterer POCTEFA Desbosiguem!, on participem juntament amb el Parc Natural de l\u2019Alt Pirineu, el Parc Naturel des Pyr\u00e9n\u00e9es Ari\u00e9geoises, la Union des Collectivit\u00e9s Foresti\u00e8res d&#8217;Occitanie, l\u2019Escola Agr\u00e0ria del Pirineu, la Universitat Pol\u00edt\u00e8cnica de Catalunya i la Fundaci\u00f3 Andorra Recerca Innovaci\u00f3 (AR+I). Aquest projecte europeu, coordinat pel Centre de Formation Professionnelle et de Promotion de l&#8217;Agriculture Ari\u00e8ge-Comminges, vol donar suport al manteniment dels espais oberts del Pirineu, mantenint la diversitat i les pr\u00e0ctiques pastorals, i reduint el risc d\u2019incendi forestal.<\/p>\n\n\n\n<p>El canvi clim\u00e0tic i la manca de gesti\u00f3 forestal contribueixen al tancament del bosc i a la p\u00e8rdua de les zones obertes, com clarianes, feixes o petits prats. L\u2019augment de les temperatures i la p\u00e8rdua de les activitats rurals, dificulten cada vegada m\u00e9s el manteniment dels espais oberts a l\u2019alta muntanya. El bosc s\u2019expandeix fins i tot en les franges properes a pobles, urbanitzacions i poblacions disseminades en tot el Pirineu. Aquestes zones, ara ocupades per bosc i matollar, havien estat parcel\u00b7les agr\u00edcoles, erms i pastures, i tenien una biodiversitat espec\u00edfica que no trobem en els espais densament arbrats. Alhora, aquesta din\u00e0mica suposa un augment del risc d\u2019incendi i de la severitat dels incendis, tant a escala local com escala de paisatge. El tancament dels espais oberts, a m\u00e9s d\u2019augmentar el risc d\u2019incendi forestal, redueix la continu\u00eftat ecol\u00f2gica, i suposa una p\u00e8rdua de recurs farratger de la qual depenen activitats multifuncionals com el pastoralisme, que alhora salvaguarden aquest paisatge en mosaic, tant ric i hist\u00f2ric, propi dels Pirineus.<\/p>\n\n\n\n<p>En aquest sentit, el projecte promou la col\u00b7laboraci\u00f3 i l\u2019intercanvi d\u2019experi\u00e8ncies entre Catalunya, Andorra i Fran\u00e7a per aportar solucions integrals per ajudar els gestors d&#8217;aquests espais (parcs paturals, entitats p\u00fabliques locals, titulars privats i habitants), a prendre decisions i a gestionar de forma sostenible el territori, lluitant contra les conseq\u00fc\u00e8ncies del canvi clim\u00e0tic i de l\u2019emboscament.<\/p>\n\n\n\n<p>En concret, s\u2019elaborar\u00e1 un manual de bones pr\u00e0ctiques sobre l\u2019obertura i manteniment dels espais forestals oberts. En el manual s\u2019integraran combinacions de t\u00e8cniques de gesti\u00f3 del medi rural-forestal, com la desbrossada, el silvopastoreig, les aclarides, o el foc prescrit. D\u2019altra banda, es modelitzaran diversos escenaris d\u2019incendi forestal, a fi de poder veure quins s\u00f3n els que podrien contribuir m\u00e9s f\u00e0cilment als incendis forestals d\u2019alta intensitat, relacionant-los amb les diferents estructures del bosc i d\u2019espais oberts.<\/p>\n\n\n\n<p>La Fundaci\u00f3 i el Parc natural de l\u2019Alt Pirineu lideren el desenvolupament d\u2019un primer Pla Estrat\u00e8gic del Parc de prevenci\u00f3 d\u2019incendis forestals, en que el foc es concebr\u00e0 tamb\u00e9 com una eina de diversificaci\u00f3 del paisatge forestal, similar al que ja s\u2019ha desenvolupat a la Val d\u2019Aran.<\/p>\n\n\n\n<p>Per fer-ho, el projecte es fixar\u00e0 en tres \u00e0rees principals:<\/p>\n\n\n\n<ol class=\"wp-block-list\">\n<li>Analitzar a escala de paisatge el r\u00e8gim d\u2019incendis forestals a tots dos costats dels Pirineus centrals, avaluar el seu impacte sobre el medi ambient i el territori, i dissenyar una estrat\u00e8gia d\u2019adaptaci\u00f3 transfronterera.<\/li>\n\n\n\n<li>Identificar i desenvolupar &nbsp;diversos m\u00e8todes de reobertura de guarets, reducci\u00f3 del combustible forestal i manteniment de boscos i pastures a partir d\u2019onze projectes pilot.<\/li>\n\n\n\n<li>Dissenyar una caixa d\u2019eines per ajudar a la presa de decisions en el marc de les accions de restauraci\u00f3 de zones cobertes de matolls&nbsp; i arbres o de prevenci\u00f3 d\u2019incendis i, al mateix temps, millorar les compet\u00e8ncies dels professionals implicats en el manteniment de les zones rurals.<\/li>\n<\/ol>\n\n\n\n<p><\/p>\n\n\n\n<p>Desbosiguem! \u00e9s el primer projecte que es desenvolupar\u00e0 en el marc territorial del Parc Pirinenc de les Tres Nacions i est\u00e0 incl\u00f2s en el programa europeu de cooperaci\u00f3 transfronterera Interreg POCTEFA 2021-2027. Compta amb un pressupost total de 638.952,27 euros, dels quals el 65\u20ac% estan finan\u00e7ats a trav\u00e9s del Fons FEDER.<\/p>\n","protected":false},"excerpt":{"rendered":"<p>La setmana passada va tenir lloc la reuni\u00f3 d\u2019inici del projecte transfronterer POCTEFA Desbosiguem!, on participem juntament amb el Parc Natural de l\u2019Alt Pirineu, el Parc Naturel des Pyr\u00e9n\u00e9es Ari\u00e9geoises, la Union des Collectivit\u00e9s Foresti\u00e8res d&#8217;Occitanie, l\u2019Escola Agr\u00e0ria del Pirineu, la Universitat Pol\u00edt\u00e8cnica de Catalunya i la Fundaci\u00f3 Andorra Recerca Innovaci\u00f3 (AR+I). Aquest projecte europeu, [&hellip;]<\/p>\n","protected":false},"author":53,"featured_media":16759,"comment_status":"open","ping_status":"open","sticky":false,"template":"","format":"standard","meta":{"_acf_changed":false,"give_campaign_id":0,"footnotes":""},"categories":[84],"tags":[],"class_list":["post-16766","post","type-post","status-publish","format-standard","has-post-thumbnail","hentry","category-blog-ca"],"acf":[],"yoast_head":"<!-- This site is optimized with the Yoast SEO plugin v26.3 - https:\/\/yoast.com\/wordpress\/plugins\/seo\/ -->\n<title>Ens sumem a Desbosiguem!, per mantenir els espais oberts i reduir el risc d&#039;incendi al Pirineu<\/title>\n<meta name=\"robots\" content=\"index, follow, max-snippet:-1, max-image-preview:large, max-video-preview:-1\" \/>\n<link rel=\"canonical\" href=\"https:\/\/www.paucostafoundation.org\/ca\/ens-sumem-a-desbosiguem\/\" \/>\n<meta property=\"og:locale\" content=\"ca_ES\" \/>\n<meta property=\"og:type\" content=\"article\" \/>\n<meta property=\"og:title\" content=\"Ens sumem a Desbosiguem!, per mantenir els espais oberts i reduir el risc d&#039;incendi al Pirineu\" \/>\n<meta property=\"og:description\" content=\"La setmana passada va tenir lloc la reuni\u00f3 d\u2019inici del projecte transfronterer POCTEFA Desbosiguem!, on participem juntament amb el Parc Natural de l\u2019Alt Pirineu, el Parc Naturel des Pyr\u00e9n\u00e9es Ari\u00e9geoises, la Union des Collectivit\u00e9s Foresti\u00e8res d&#8217;Occitanie, l\u2019Escola Agr\u00e0ria del Pirineu, la Universitat Pol\u00edt\u00e8cnica de Catalunya i la Fundaci\u00f3 Andorra Recerca Innovaci\u00f3 (AR+I). Aquest projecte europeu, [&hellip;]\" \/>\n<meta property=\"og:url\" content=\"https:\/\/www.paucostafoundation.org\/ca\/ens-sumem-a-desbosiguem\/\" \/>\n<meta property=\"og:site_name\" content=\"Pau Costa Foundation\" \/>\n<meta property=\"article:published_time\" content=\"2024-05-30T12:00:46+00:00\" \/>\n<meta property=\"article:modified_time\" content=\"2024-05-30T12:06:34+00:00\" \/>\n<meta property=\"og:image\" content=\"https:\/\/www.paucostafoundation.org\/wp-content\/uploads\/2024\/05\/WhatsApp-Image-2024-05-21-at-17.05.51.jpeg\" \/>\n\t<meta property=\"og:image:width\" content=\"1600\" \/>\n\t<meta property=\"og:image:height\" content=\"1200\" \/>\n\t<meta property=\"og:image:type\" content=\"image\/jpeg\" \/>\n<meta name=\"author\" content=\"Luc\u00eda de la Riva\" \/>\n<meta name=\"twitter:card\" content=\"summary_large_image\" \/>\n<meta name=\"twitter:label1\" content=\"Escrit per\" \/>\n\t<meta name=\"twitter:data1\" content=\"Luc\u00eda de la Riva\" \/>\n\t<meta name=\"twitter:label2\" content=\"Temps estimat de lectura\" \/>\n\t<meta name=\"twitter:data2\" content=\"3 minuts\" \/>\n<script type=\"application\/ld+json\" class=\"yoast-schema-graph\">{\"@context\":\"https:\/\/schema.org\",\"@graph\":[{\"@type\":\"Article\",\"@id\":\"https:\/\/www.paucostafoundation.org\/ca\/ens-sumem-a-desbosiguem\/#article\",\"isPartOf\":{\"@id\":\"https:\/\/www.paucostafoundation.org\/ca\/ens-sumem-a-desbosiguem\/\"},\"author\":{\"name\":\"Luc\u00eda de la Riva\",\"@id\":\"https:\/\/www.paucostafoundation.org\/ca\/#\/schema\/person\/ab7381c64232315059550d535bd6de9f\"},\"headline\":\"Ens sumem a Desbosiguem!, per mantenir els espais oberts i reduir el risc d&#8217;incendi al Pirineu\",\"datePublished\":\"2024-05-30T12:00:46+00:00\",\"dateModified\":\"2024-05-30T12:06:34+00:00\",\"mainEntityOfPage\":{\"@id\":\"https:\/\/www.paucostafoundation.org\/ca\/ens-sumem-a-desbosiguem\/\"},\"wordCount\":690,\"commentCount\":0,\"publisher\":{\"@id\":\"https:\/\/www.paucostafoundation.org\/ca\/#organization\"},\"image\":{\"@id\":\"https:\/\/www.paucostafoundation.org\/ca\/ens-sumem-a-desbosiguem\/#primaryimage\"},\"thumbnailUrl\":\"https:\/\/www.paucostafoundation.org\/wp-content\/uploads\/2024\/05\/WhatsApp-Image-2024-05-21-at-17.05.51.jpeg\",\"articleSection\":[\"Blog CA\"],\"inLanguage\":\"ca\",\"potentialAction\":[{\"@type\":\"CommentAction\",\"name\":\"Comment\",\"target\":[\"https:\/\/www.paucostafoundation.org\/ca\/ens-sumem-a-desbosiguem\/#respond\"]}]},{\"@type\":\"WebPage\",\"@id\":\"https:\/\/www.paucostafoundation.org\/ca\/ens-sumem-a-desbosiguem\/\",\"url\":\"https:\/\/www.paucostafoundation.org\/ca\/ens-sumem-a-desbosiguem\/\",\"name\":\"Ens sumem a Desbosiguem!, per mantenir els espais oberts i reduir el risc d'incendi al Pirineu\",\"isPartOf\":{\"@id\":\"https:\/\/www.paucostafoundation.org\/ca\/#website\"},\"primaryImageOfPage\":{\"@id\":\"https:\/\/www.paucostafoundation.org\/ca\/ens-sumem-a-desbosiguem\/#primaryimage\"},\"image\":{\"@id\":\"https:\/\/www.paucostafoundation.org\/ca\/ens-sumem-a-desbosiguem\/#primaryimage\"},\"thumbnailUrl\":\"https:\/\/www.paucostafoundation.org\/wp-content\/uploads\/2024\/05\/WhatsApp-Image-2024-05-21-at-17.05.51.jpeg\",\"datePublished\":\"2024-05-30T12:00:46+00:00\",\"dateModified\":\"2024-05-30T12:06:34+00:00\",\"breadcrumb\":{\"@id\":\"https:\/\/www.paucostafoundation.org\/ca\/ens-sumem-a-desbosiguem\/#breadcrumb\"},\"inLanguage\":\"ca\",\"potentialAction\":[{\"@type\":\"ReadAction\",\"target\":[\"https:\/\/www.paucostafoundation.org\/ca\/ens-sumem-a-desbosiguem\/\"]}]},{\"@type\":\"ImageObject\",\"inLanguage\":\"ca\",\"@id\":\"https:\/\/www.paucostafoundation.org\/ca\/ens-sumem-a-desbosiguem\/#primaryimage\",\"url\":\"https:\/\/www.paucostafoundation.org\/wp-content\/uploads\/2024\/05\/WhatsApp-Image-2024-05-21-at-17.05.51.jpeg\",\"contentUrl\":\"https:\/\/www.paucostafoundation.org\/wp-content\/uploads\/2024\/05\/WhatsApp-Image-2024-05-21-at-17.05.51.jpeg\",\"width\":1600,\"height\":1200},{\"@type\":\"BreadcrumbList\",\"@id\":\"https:\/\/www.paucostafoundation.org\/ca\/ens-sumem-a-desbosiguem\/#breadcrumb\",\"itemListElement\":[{\"@type\":\"ListItem\",\"position\":1,\"name\":\"Inicio\",\"item\":\"https:\/\/www.paucostafoundation.org\/ca\/\"},{\"@type\":\"ListItem\",\"position\":2,\"name\":\"Ens sumem a Desbosiguem!, per mantenir els espais oberts i reduir el risc d&#8217;incendi al Pirineu\"}]},{\"@type\":\"WebSite\",\"@id\":\"https:\/\/www.paucostafoundation.org\/ca\/#website\",\"url\":\"https:\/\/www.paucostafoundation.org\/ca\/\",\"name\":\"Pau Costa Foundation\",\"description\":\"CONCIENCIA E INVESTIGA LOS INCENDIOS FORESTALES\",\"publisher\":{\"@id\":\"https:\/\/www.paucostafoundation.org\/ca\/#organization\"},\"potentialAction\":[{\"@type\":\"SearchAction\",\"target\":{\"@type\":\"EntryPoint\",\"urlTemplate\":\"https:\/\/www.paucostafoundation.org\/ca\/?s={search_term_string}\"},\"query-input\":{\"@type\":\"PropertyValueSpecification\",\"valueRequired\":true,\"valueName\":\"search_term_string\"}}],\"inLanguage\":\"ca\"},{\"@type\":\"Organization\",\"@id\":\"https:\/\/www.paucostafoundation.org\/ca\/#organization\",\"name\":\"Pau Costa Foundation\",\"url\":\"https:\/\/www.paucostafoundation.org\/ca\/\",\"logo\":{\"@type\":\"ImageObject\",\"inLanguage\":\"ca\",\"@id\":\"https:\/\/www.paucostafoundation.org\/ca\/#\/schema\/logo\/image\/\",\"url\":\"https:\/\/paucostafoundation.digitalnature.es\/wp-content\/uploads\/2021\/06\/logo.png\",\"contentUrl\":\"https:\/\/paucostafoundation.digitalnature.es\/wp-content\/uploads\/2021\/06\/logo.png\",\"width\":873,\"height\":358,\"caption\":\"Pau Costa Foundation\"},\"image\":{\"@id\":\"https:\/\/www.paucostafoundation.org\/ca\/#\/schema\/logo\/image\/\"}},{\"@type\":\"Person\",\"@id\":\"https:\/\/www.paucostafoundation.org\/ca\/#\/schema\/person\/ab7381c64232315059550d535bd6de9f\",\"name\":\"Luc\u00eda de la Riva\"}]}<\/script>\n<!-- \/ Yoast SEO plugin. -->","yoast_head_json":{"title":"Ens sumem a Desbosiguem!, per mantenir els espais oberts i reduir el risc d'incendi al Pirineu","robots":{"index":"index","follow":"follow","max-snippet":"max-snippet:-1","max-image-preview":"max-image-preview:large","max-video-preview":"max-video-preview:-1"},"canonical":"https:\/\/www.paucostafoundation.org\/ca\/ens-sumem-a-desbosiguem\/","og_locale":"ca_ES","og_type":"article","og_title":"Ens sumem a Desbosiguem!, per mantenir els espais oberts i reduir el risc d'incendi al Pirineu","og_description":"La setmana passada va tenir lloc la reuni\u00f3 d\u2019inici del projecte transfronterer POCTEFA Desbosiguem!, on participem juntament amb el Parc Natural de l\u2019Alt Pirineu, el Parc Naturel des Pyr\u00e9n\u00e9es Ari\u00e9geoises, la Union des Collectivit\u00e9s Foresti\u00e8res d&#8217;Occitanie, l\u2019Escola Agr\u00e0ria del Pirineu, la Universitat Pol\u00edt\u00e8cnica de Catalunya i la Fundaci\u00f3 Andorra Recerca Innovaci\u00f3 (AR+I). Aquest projecte europeu, [&hellip;]","og_url":"https:\/\/www.paucostafoundation.org\/ca\/ens-sumem-a-desbosiguem\/","og_site_name":"Pau Costa Foundation","article_published_time":"2024-05-30T12:00:46+00:00","article_modified_time":"2024-05-30T12:06:34+00:00","og_image":[{"width":1600,"height":1200,"url":"https:\/\/www.paucostafoundation.org\/wp-content\/uploads\/2024\/05\/WhatsApp-Image-2024-05-21-at-17.05.51.jpeg","type":"image\/jpeg"}],"author":"Luc\u00eda de la Riva","twitter_card":"summary_large_image","twitter_misc":{"Escrit per":"Luc\u00eda de la Riva","Temps estimat de lectura":"3 minuts"},"schema":{"@context":"https:\/\/schema.org","@graph":[{"@type":"Article","@id":"https:\/\/www.paucostafoundation.org\/ca\/ens-sumem-a-desbosiguem\/#article","isPartOf":{"@id":"https:\/\/www.paucostafoundation.org\/ca\/ens-sumem-a-desbosiguem\/"},"author":{"name":"Luc\u00eda de la Riva","@id":"https:\/\/www.paucostafoundation.org\/ca\/#\/schema\/person\/ab7381c64232315059550d535bd6de9f"},"headline":"Ens sumem a Desbosiguem!, per mantenir els espais oberts i reduir el risc d&#8217;incendi al Pirineu","datePublished":"2024-05-30T12:00:46+00:00","dateModified":"2024-05-30T12:06:34+00:00","mainEntityOfPage":{"@id":"https:\/\/www.paucostafoundation.org\/ca\/ens-sumem-a-desbosiguem\/"},"wordCount":690,"commentCount":0,"publisher":{"@id":"https:\/\/www.paucostafoundation.org\/ca\/#organization"},"image":{"@id":"https:\/\/www.paucostafoundation.org\/ca\/ens-sumem-a-desbosiguem\/#primaryimage"},"thumbnailUrl":"https:\/\/www.paucostafoundation.org\/wp-content\/uploads\/2024\/05\/WhatsApp-Image-2024-05-21-at-17.05.51.jpeg","articleSection":["Blog CA"],"inLanguage":"ca","potentialAction":[{"@type":"CommentAction","name":"Comment","target":["https:\/\/www.paucostafoundation.org\/ca\/ens-sumem-a-desbosiguem\/#respond"]}]},{"@type":"WebPage","@id":"https:\/\/www.paucostafoundation.org\/ca\/ens-sumem-a-desbosiguem\/","url":"https:\/\/www.paucostafoundation.org\/ca\/ens-sumem-a-desbosiguem\/","name":"Ens sumem a Desbosiguem!, per mantenir els espais oberts i reduir el risc d'incendi al Pirineu","isPartOf":{"@id":"https:\/\/www.paucostafoundation.org\/ca\/#website"},"primaryImageOfPage":{"@id":"https:\/\/www.paucostafoundation.org\/ca\/ens-sumem-a-desbosiguem\/#primaryimage"},"image":{"@id":"https:\/\/www.paucostafoundation.org\/ca\/ens-sumem-a-desbosiguem\/#primaryimage"},"thumbnailUrl":"https:\/\/www.paucostafoundation.org\/wp-content\/uploads\/2024\/05\/WhatsApp-Image-2024-05-21-at-17.05.51.jpeg","datePublished":"2024-05-30T12:00:46+00:00","dateModified":"2024-05-30T12:06:34+00:00","breadcrumb":{"@id":"https:\/\/www.paucostafoundation.org\/ca\/ens-sumem-a-desbosiguem\/#breadcrumb"},"inLanguage":"ca","potentialAction":[{"@type":"ReadAction","target":["https:\/\/www.paucostafoundation.org\/ca\/ens-sumem-a-desbosiguem\/"]}]},{"@type":"ImageObject","inLanguage":"ca","@id":"https:\/\/www.paucostafoundation.org\/ca\/ens-sumem-a-desbosiguem\/#primaryimage","url":"https:\/\/www.paucostafoundation.org\/wp-content\/uploads\/2024\/05\/WhatsApp-Image-2024-05-21-at-17.05.51.jpeg","contentUrl":"https:\/\/www.paucostafoundation.org\/wp-content\/uploads\/2024\/05\/WhatsApp-Image-2024-05-21-at-17.05.51.jpeg","width":1600,"height":1200},{"@type":"BreadcrumbList","@id":"https:\/\/www.paucostafoundation.org\/ca\/ens-sumem-a-desbosiguem\/#breadcrumb","itemListElement":[{"@type":"ListItem","position":1,"name":"Inicio","item":"https:\/\/www.paucostafoundation.org\/ca\/"},{"@type":"ListItem","position":2,"name":"Ens sumem a Desbosiguem!, per mantenir els espais oberts i reduir el risc d&#8217;incendi al Pirineu"}]},{"@type":"WebSite","@id":"https:\/\/www.paucostafoundation.org\/ca\/#website","url":"https:\/\/www.paucostafoundation.org\/ca\/","name":"Pau Costa Foundation","description":"CONCIENCIA E INVESTIGA LOS INCENDIOS FORESTALES","publisher":{"@id":"https:\/\/www.paucostafoundation.org\/ca\/#organization"},"potentialAction":[{"@type":"SearchAction","target":{"@type":"EntryPoint","urlTemplate":"https:\/\/www.paucostafoundation.org\/ca\/?s={search_term_string}"},"query-input":{"@type":"PropertyValueSpecification","valueRequired":true,"valueName":"search_term_string"}}],"inLanguage":"ca"},{"@type":"Organization","@id":"https:\/\/www.paucostafoundation.org\/ca\/#organization","name":"Pau Costa Foundation","url":"https:\/\/www.paucostafoundation.org\/ca\/","logo":{"@type":"ImageObject","inLanguage":"ca","@id":"https:\/\/www.paucostafoundation.org\/ca\/#\/schema\/logo\/image\/","url":"https:\/\/paucostafoundation.digitalnature.es\/wp-content\/uploads\/2021\/06\/logo.png","contentUrl":"https:\/\/paucostafoundation.digitalnature.es\/wp-content\/uploads\/2021\/06\/logo.png","width":873,"height":358,"caption":"Pau Costa Foundation"},"image":{"@id":"https:\/\/www.paucostafoundation.org\/ca\/#\/schema\/logo\/image\/"}},{"@type":"Person","@id":"https:\/\/www.paucostafoundation.org\/ca\/#\/schema\/person\/ab7381c64232315059550d535bd6de9f","name":"Luc\u00eda de la Riva"}]}},"_links":{"self":[{"href":"https:\/\/www.paucostafoundation.org\/ca\/wp-json\/wp\/v2\/posts\/16766","targetHints":{"allow":["GET"]}}],"collection":[{"href":"https:\/\/www.paucostafoundation.org\/ca\/wp-json\/wp\/v2\/posts"}],"about":[{"href":"https:\/\/www.paucostafoundation.org\/ca\/wp-json\/wp\/v2\/types\/post"}],"author":[{"embeddable":true,"href":"https:\/\/www.paucostafoundation.org\/ca\/wp-json\/wp\/v2\/users\/53"}],"replies":[{"embeddable":true,"href":"https:\/\/www.paucostafoundation.org\/ca\/wp-json\/wp\/v2\/comments?post=16766"}],"version-history":[{"count":3,"href":"https:\/\/www.paucostafoundation.org\/ca\/wp-json\/wp\/v2\/posts\/16766\/revisions"}],"predecessor-version":[{"id":16773,"href":"https:\/\/www.paucostafoundation.org\/ca\/wp-json\/wp\/v2\/posts\/16766\/revisions\/16773"}],"wp:featuredmedia":[{"embeddable":true,"href":"https:\/\/www.paucostafoundation.org\/ca\/wp-json\/wp\/v2\/media\/16759"}],"wp:attachment":[{"href":"https:\/\/www.paucostafoundation.org\/ca\/wp-json\/wp\/v2\/media?parent=16766"}],"wp:term":[{"taxonomy":"category","embeddable":true,"href":"https:\/\/www.paucostafoundation.org\/ca\/wp-json\/wp\/v2\/categories?post=16766"},{"taxonomy":"post_tag","embeddable":true,"href":"https:\/\/www.paucostafoundation.org\/ca\/wp-json\/wp\/v2\/tags?post=16766"}],"curies":[{"name":"wp","href":"https:\/\/api.w.org\/{rel}","templated":true}]}}