{"id":13346,"date":"2023-09-26T13:19:57","date_gmt":"2023-09-26T13:19:57","guid":{"rendered":"https:\/\/www.paucostafoundation.org\/?p=13346"},"modified":"2023-09-29T07:44:30","modified_gmt":"2023-09-29T07:44:30","slug":"afan-focalitzant-en-els-analistes-dincendis","status":"publish","type":"post","link":"https:\/\/www.paucostafoundation.org\/ca\/afan-focalitzant-en-els-analistes-dincendis\/","title":{"rendered":"AFAN, focalitzant en els analistes d&#8217;incendis"},"content":{"rendered":"\n<p><a href=\"https:\/\/fireanalysisnetwork.eu\/\">AFAN <\/a>va comen\u00e7ar el gener del 2021 i va finalitzar el juny del 2022. Durant aquests 18 mesos, es va buscar potenciar i consolidar les xarxes existents d&#8217;analistes d&#8217;incendis, \u00e9s a dir, de professionals d&#8217;incendis forestals especialitzats en An\u00e0lisi i Avaluaci\u00f3 d&#8217;Incendis a tot Europa. L&#8217;An\u00e0lisi i Avaluaci\u00f3 d&#8217;incendis \u00e9s una disciplina que recopila coneixement sobre el comportament dels incendis forestals i les incerteses associades a aquests. Tamb\u00e9 els incorpora a la presa de decisions estrat\u00e8giques que tenen lloc durant totes les fases de la gesti\u00f3 del risc d&#8217;incendis forestals, des de la prevenci\u00f3 del risc, fins a la recuperaci\u00f3 de les zones cremades.<\/p>\n\n\n\n<p>Sis organitzacions van formar part del consorci AFAN: <a href=\"https:\/\/www.paucostafoundation.org\/es\/\" target=\"_blank\" rel=\"noreferrer noopener\">Fundaci\u00f3 Pau Costa (PCF)<\/a> com a coordinadora, <a href=\"https:\/\/interior.gencat.cat\/ca\/arees_dactuacio\/bombers\/\" target=\"_blank\" rel=\"noreferrer noopener\">Bombers de la Generalitat de Catalunya<\/a>, <a href=\"https:\/\/www.dream-italia.it\/\" target=\"_blank\" rel=\"noreferrer noopener\">Dimensione Ricerca Ecologia Ambiente (D.R.E.A.M.)<\/a>, <a href=\"https:\/\/www.ensosp.fr\/\" target=\"_blank\" rel=\"noreferrer noopener\">Ecole Nationale Sup\u00e9rieure des Officiers de Sapeurs-Pompiers (ENSOSP)<\/a>, <a href=\"https:\/\/www.valabre.com\/\" target=\"_blank\" rel=\"noreferrer noopener\">Entente pour la Foret Mediterraneenne<\/a>, y <a href=\"https:\/\/www.southwales-fire.gov.uk\/\" target=\"_blank\" rel=\"noreferrer noopener\">South Wales Fire and Rescue Service<\/a>.&nbsp;&nbsp;<\/p>\n\n\n\n<p>&#8220;AFAN era un projecte molt important per a nosaltres (PCF). Quan ens vam adonar que la convocat\u00f2ria de finan\u00e7ament tractava sobre el suport a xarxes i comunitats, vam veure que coincidia totalment amb la missi\u00f3 i la visi\u00f3 de la Fundaci\u00f3. Aix\u00ed que immediatament vam decidir que hav\u00edem de crear un consorci sobre una xarxa de professionals del foc a An\u00e0lisi del Foc, que \u00e9s un conjunt espec\u00edfic d&#8217;habilitats que tenen alguns experts en gesti\u00f3 d&#8217;incendis forestals\u201d, diu N\u00faria Prat-Guitart, coordinadora del projecte.<\/p>\n\n\n\n<p>Un dels resultats del projecte va ser el desenvolupament d&#8217;un marc europeu com\u00fa que faciliti l&#8217;aplicaci\u00f3 de metodologies harmonitzades en mat\u00e8ria d&#8217;an\u00e0lisi i avaluaci\u00f3 d&#8217;incendis, incloses les necess\u00e0ries per avaluar el foc a dist\u00e0ncia i prestar assist\u00e8ncia en cas d&#8217;incendis forestals complexos. Per aconseguir-ho, AFAN va identificar les compet\u00e8ncies i les habilitats clau per als Analistes d&#8217;Incendis a Europa.<\/p>\n\n\n\n<p>&#8220;Durant el projecte, l&#8217;equip va poder donar suport a les xarxes existents organitzant els coneixements que ja estaven disponibles i reunint alguns materials que ja hi eren, a la ment d&#8217;alguns analistes d&#8217;incendis. A m\u00e9s, capitalitzem i elaborem alguns documents que esperem que ara siguin \u00fatils per a la comunitat de bombers i segueixin sent-ho durant molt de temps&#8221;, afirma la coordinadora del projecte.<\/p>\n\n\n\n<p>El treball d&#8217;AFAN s&#8217;ha materialitzat en un <a href=\"http:\/\/fireanalysisnetwork.eu\/afan-toolkit-2\/\" target=\"_blank\" rel=\"noreferrer noopener\">conjunt d&#8217;eines<\/a> per a gestors d&#8217;incendis forestals i qualsevol persona interesada. El conjunt d&#8217;eines est\u00e0 disponible gratu\u00eftament a la p\u00e0gina web del projecte. Inclou un conjunt de directrius, informes, articles rellevants traduits a diferents idiomes i seminaris web. En concret, les directrius s\u00f3n: <a href=\"https:\/\/fireanalysisnetwork.eu\/2022\/03\/16\/guidelines-of-fire-analyst-competencies-and-skills\/\">de compet\u00e8ncies i habilitats dels analistes d&#8217;incendis;<\/a> <a href=\"https:\/\/fireanalysisnetwork.eu\/2022\/08\/19\/guidelines-on-the-use-of-tools-science-and-best-practices-for-fire-analysis\/\">sobre l&#8217;\u00fas d&#8217;eines , ci\u00e8ncia i millors pr\u00e0ctiques per a l&#8217;an\u00e0lisi d&#8217;incendis<\/a>; <a href=\"https:\/\/fireanalysisnetwork.eu\/2022\/09\/19\/guidelines-for-remote-assessment-units\/\">i per a les unitats d&#8217;evaluaci\u00f3 a dist\u00e0ncia<\/a>.<\/p>\n\n\n\n<figure class=\"wp-block-image size-large\"><a href=\"https:\/\/www.paucostafoundation.org\/wp-content\/uploads\/2023\/09\/Captura-de-pantalla-2023-09-26-153041.png\"><img fetchpriority=\"high\" decoding=\"async\" width=\"1024\" height=\"321\" src=\"https:\/\/www.paucostafoundation.org\/wp-content\/uploads\/2023\/09\/Captura-de-pantalla-2023-09-26-153041-1024x321.png\" alt=\"\" class=\"wp-image-13368\" srcset=\"https:\/\/www.paucostafoundation.org\/wp-content\/uploads\/2023\/09\/Captura-de-pantalla-2023-09-26-153041-1024x321.png 1024w, https:\/\/www.paucostafoundation.org\/wp-content\/uploads\/2023\/09\/Captura-de-pantalla-2023-09-26-153041-300x94.png 300w, https:\/\/www.paucostafoundation.org\/wp-content\/uploads\/2023\/09\/Captura-de-pantalla-2023-09-26-153041-768x241.png 768w, https:\/\/www.paucostafoundation.org\/wp-content\/uploads\/2023\/09\/Captura-de-pantalla-2023-09-26-153041-1536x482.png 1536w, https:\/\/www.paucostafoundation.org\/wp-content\/uploads\/2023\/09\/Captura-de-pantalla-2023-09-26-153041-600x188.png 600w, https:\/\/www.paucostafoundation.org\/wp-content\/uploads\/2023\/09\/Captura-de-pantalla-2023-09-26-153041.png 1628w\" sizes=\"(max-width: 1024px) 100vw, 1024px\" \/><\/a><\/figure>\n\n\n\n<p>&#8220;Qualsevol persona interessada en la gesti\u00f3, resposta i planificaci\u00f3 d&#8217;incendis pot consultar els recursos d&#8217;AFAN i utilitzar-los com a guia, punt de refer\u00e8ncia o punt de partida per a futures millores. \u00c9s una base de coneixements que ja existeix, per tant ajuda a influir en la gesti\u00f3 dels incendis forestals, esperem que a tot Europa, i potser tamb\u00e9 a altres regions&#8221;, comenta N\u00faria Prat-Guitart.<\/p>\n\n\n\n<p>En total, 65 persones han contribu\u00eft activament a crear tots aquests recursos. Procedeixen de 13 pa\u00efsos europeus i 37 institucions. Entre elles hi ha 12 organitzacions de gesti\u00f3 d&#8217;incendis, dues sense \u00e0nim de lucre, quatre de formaci\u00f3, tres de silvicultura, dues de protecci\u00f3 civil, una de recerca i dues de privades, 9 institucions governamentals i una universitat.<\/p>\n\n\n\n<p>AFAN es presentar\u00e0 a l&#8217;esdeveniment d&#8217;agrupaci\u00f3 de projectes de gesti\u00f3 de riscos d&#8217;incendis forestals (WFRM) organitzat per la DG ECHO i REA, que tindr\u00e0 lloc el 22 de novembre de 2023, a Brussel\u00b7les  (veure <a href=\"https:\/\/drmkc.jrc.ec.europa.eu\/events-news\/drmkc-annual-seminars\/7th-drmkc-annual-seminar\">save-the-date <\/a><a href=\"https:\/\/drmkc.jrc.ec.europa.eu\/events-news\/drmkc-annual-seminars\/7th-drmkc-annual-seminar\" target=\"_blank\" rel=\"noreferrer noopener\">information<\/a>)<\/p>\n","protected":false},"excerpt":{"rendered":"<p>AFAN va comen\u00e7ar el gener del 2021 i va finalitzar el juny del 2022. Durant aquests 18 mesos, es va buscar potenciar i consolidar les xarxes existents d&#8217;analistes d&#8217;incendis, \u00e9s a dir, de professionals d&#8217;incendis forestals especialitzats en An\u00e0lisi i Avaluaci\u00f3 d&#8217;Incendis a tot Europa. L&#8217;An\u00e0lisi i Avaluaci\u00f3 d&#8217;incendis \u00e9s una disciplina que recopila coneixement [&hellip;]<\/p>\n","protected":false},"author":12,"featured_media":13341,"comment_status":"open","ping_status":"open","sticky":false,"template":"","format":"standard","meta":{"_acf_changed":false,"give_campaign_id":0,"footnotes":""},"categories":[37,84],"tags":[],"class_list":["post-13346","post","type-post","status-publish","format-standard","has-post-thumbnail","hentry","category-actualidad-ca","category-blog-ca"],"acf":[],"yoast_head":"<!-- This site is optimized with the Yoast SEO plugin v26.3 - https:\/\/yoast.com\/wordpress\/plugins\/seo\/ -->\n<title>AFAN, focalitzant en els analistes d&#039;incendis<\/title>\n<meta name=\"robots\" content=\"index, follow, max-snippet:-1, max-image-preview:large, max-video-preview:-1\" \/>\n<link rel=\"canonical\" href=\"https:\/\/www.paucostafoundation.org\/ca\/afan-focalitzant-en-els-analistes-dincendis\/\" \/>\n<meta property=\"og:locale\" content=\"ca_ES\" \/>\n<meta property=\"og:type\" content=\"article\" \/>\n<meta property=\"og:title\" content=\"AFAN, focalitzant en els analistes d&#039;incendis\" \/>\n<meta property=\"og:description\" content=\"AFAN va comen\u00e7ar el gener del 2021 i va finalitzar el juny del 2022. Durant aquests 18 mesos, es va buscar potenciar i consolidar les xarxes existents d&#8217;analistes d&#8217;incendis, \u00e9s a dir, de professionals d&#8217;incendis forestals especialitzats en An\u00e0lisi i Avaluaci\u00f3 d&#8217;Incendis a tot Europa. L&#8217;An\u00e0lisi i Avaluaci\u00f3 d&#8217;incendis \u00e9s una disciplina que recopila coneixement [&hellip;]\" \/>\n<meta property=\"og:url\" content=\"https:\/\/www.paucostafoundation.org\/ca\/afan-focalitzant-en-els-analistes-dincendis\/\" \/>\n<meta property=\"og:site_name\" content=\"Pau Costa Foundation\" \/>\n<meta property=\"article:published_time\" content=\"2023-09-26T13:19:57+00:00\" \/>\n<meta property=\"article:modified_time\" content=\"2023-09-29T07:44:30+00:00\" \/>\n<meta property=\"og:image\" content=\"https:\/\/www.paucostafoundation.org\/wp-content\/uploads\/2023\/09\/AFAN-1-1.png\" \/>\n\t<meta property=\"og:image:width\" content=\"1155\" \/>\n\t<meta property=\"og:image:height\" content=\"861\" \/>\n\t<meta property=\"og:image:type\" content=\"image\/png\" \/>\n<meta name=\"author\" content=\"Ariadna Goenaga\" \/>\n<meta name=\"twitter:card\" content=\"summary_large_image\" \/>\n<meta name=\"twitter:label1\" content=\"Escrit per\" \/>\n\t<meta name=\"twitter:data1\" content=\"Ariadna Goenaga\" \/>\n\t<meta name=\"twitter:label2\" content=\"Temps estimat de lectura\" \/>\n\t<meta name=\"twitter:data2\" content=\"3 minuts\" \/>\n<script type=\"application\/ld+json\" class=\"yoast-schema-graph\">{\"@context\":\"https:\/\/schema.org\",\"@graph\":[{\"@type\":\"Article\",\"@id\":\"https:\/\/www.paucostafoundation.org\/ca\/afan-focalitzant-en-els-analistes-dincendis\/#article\",\"isPartOf\":{\"@id\":\"https:\/\/www.paucostafoundation.org\/ca\/afan-focalitzant-en-els-analistes-dincendis\/\"},\"author\":{\"name\":\"Ariadna Goenaga\",\"@id\":\"https:\/\/www.paucostafoundation.org\/ca\/#\/schema\/person\/a99d245ae7b17eca82ca4e47fb514a7c\"},\"headline\":\"AFAN, focalitzant en els analistes d&#8217;incendis\",\"datePublished\":\"2023-09-26T13:19:57+00:00\",\"dateModified\":\"2023-09-29T07:44:30+00:00\",\"mainEntityOfPage\":{\"@id\":\"https:\/\/www.paucostafoundation.org\/ca\/afan-focalitzant-en-els-analistes-dincendis\/\"},\"wordCount\":623,\"commentCount\":0,\"publisher\":{\"@id\":\"https:\/\/www.paucostafoundation.org\/ca\/#organization\"},\"image\":{\"@id\":\"https:\/\/www.paucostafoundation.org\/ca\/afan-focalitzant-en-els-analistes-dincendis\/#primaryimage\"},\"thumbnailUrl\":\"https:\/\/www.paucostafoundation.org\/wp-content\/uploads\/2023\/09\/AFAN-1-1.png\",\"articleSection\":[\"Actualidad CA\",\"Blog CA\"],\"inLanguage\":\"ca\",\"potentialAction\":[{\"@type\":\"CommentAction\",\"name\":\"Comment\",\"target\":[\"https:\/\/www.paucostafoundation.org\/ca\/afan-focalitzant-en-els-analistes-dincendis\/#respond\"]}]},{\"@type\":\"WebPage\",\"@id\":\"https:\/\/www.paucostafoundation.org\/ca\/afan-focalitzant-en-els-analistes-dincendis\/\",\"url\":\"https:\/\/www.paucostafoundation.org\/ca\/afan-focalitzant-en-els-analistes-dincendis\/\",\"name\":\"AFAN, focalitzant en els analistes d'incendis\",\"isPartOf\":{\"@id\":\"https:\/\/www.paucostafoundation.org\/ca\/#website\"},\"primaryImageOfPage\":{\"@id\":\"https:\/\/www.paucostafoundation.org\/ca\/afan-focalitzant-en-els-analistes-dincendis\/#primaryimage\"},\"image\":{\"@id\":\"https:\/\/www.paucostafoundation.org\/ca\/afan-focalitzant-en-els-analistes-dincendis\/#primaryimage\"},\"thumbnailUrl\":\"https:\/\/www.paucostafoundation.org\/wp-content\/uploads\/2023\/09\/AFAN-1-1.png\",\"datePublished\":\"2023-09-26T13:19:57+00:00\",\"dateModified\":\"2023-09-29T07:44:30+00:00\",\"breadcrumb\":{\"@id\":\"https:\/\/www.paucostafoundation.org\/ca\/afan-focalitzant-en-els-analistes-dincendis\/#breadcrumb\"},\"inLanguage\":\"ca\",\"potentialAction\":[{\"@type\":\"ReadAction\",\"target\":[\"https:\/\/www.paucostafoundation.org\/ca\/afan-focalitzant-en-els-analistes-dincendis\/\"]}]},{\"@type\":\"ImageObject\",\"inLanguage\":\"ca\",\"@id\":\"https:\/\/www.paucostafoundation.org\/ca\/afan-focalitzant-en-els-analistes-dincendis\/#primaryimage\",\"url\":\"https:\/\/www.paucostafoundation.org\/wp-content\/uploads\/2023\/09\/AFAN-1-1.png\",\"contentUrl\":\"https:\/\/www.paucostafoundation.org\/wp-content\/uploads\/2023\/09\/AFAN-1-1.png\",\"width\":1155,\"height\":861},{\"@type\":\"BreadcrumbList\",\"@id\":\"https:\/\/www.paucostafoundation.org\/ca\/afan-focalitzant-en-els-analistes-dincendis\/#breadcrumb\",\"itemListElement\":[{\"@type\":\"ListItem\",\"position\":1,\"name\":\"Inicio\",\"item\":\"https:\/\/www.paucostafoundation.org\/ca\/\"},{\"@type\":\"ListItem\",\"position\":2,\"name\":\"AFAN, focalitzant en els analistes d&#8217;incendis\"}]},{\"@type\":\"WebSite\",\"@id\":\"https:\/\/www.paucostafoundation.org\/ca\/#website\",\"url\":\"https:\/\/www.paucostafoundation.org\/ca\/\",\"name\":\"Pau Costa Foundation\",\"description\":\"CONCIENCIA E INVESTIGA LOS INCENDIOS FORESTALES\",\"publisher\":{\"@id\":\"https:\/\/www.paucostafoundation.org\/ca\/#organization\"},\"potentialAction\":[{\"@type\":\"SearchAction\",\"target\":{\"@type\":\"EntryPoint\",\"urlTemplate\":\"https:\/\/www.paucostafoundation.org\/ca\/?s={search_term_string}\"},\"query-input\":{\"@type\":\"PropertyValueSpecification\",\"valueRequired\":true,\"valueName\":\"search_term_string\"}}],\"inLanguage\":\"ca\"},{\"@type\":\"Organization\",\"@id\":\"https:\/\/www.paucostafoundation.org\/ca\/#organization\",\"name\":\"Pau Costa Foundation\",\"url\":\"https:\/\/www.paucostafoundation.org\/ca\/\",\"logo\":{\"@type\":\"ImageObject\",\"inLanguage\":\"ca\",\"@id\":\"https:\/\/www.paucostafoundation.org\/ca\/#\/schema\/logo\/image\/\",\"url\":\"https:\/\/paucostafoundation.digitalnature.es\/wp-content\/uploads\/2021\/06\/logo.png\",\"contentUrl\":\"https:\/\/paucostafoundation.digitalnature.es\/wp-content\/uploads\/2021\/06\/logo.png\",\"width\":873,\"height\":358,\"caption\":\"Pau Costa Foundation\"},\"image\":{\"@id\":\"https:\/\/www.paucostafoundation.org\/ca\/#\/schema\/logo\/image\/\"}},{\"@type\":\"Person\",\"@id\":\"https:\/\/www.paucostafoundation.org\/ca\/#\/schema\/person\/a99d245ae7b17eca82ca4e47fb514a7c\",\"name\":\"Ariadna Goenaga\"}]}<\/script>\n<!-- \/ Yoast SEO plugin. -->","yoast_head_json":{"title":"AFAN, focalitzant en els analistes d'incendis","robots":{"index":"index","follow":"follow","max-snippet":"max-snippet:-1","max-image-preview":"max-image-preview:large","max-video-preview":"max-video-preview:-1"},"canonical":"https:\/\/www.paucostafoundation.org\/ca\/afan-focalitzant-en-els-analistes-dincendis\/","og_locale":"ca_ES","og_type":"article","og_title":"AFAN, focalitzant en els analistes d'incendis","og_description":"AFAN va comen\u00e7ar el gener del 2021 i va finalitzar el juny del 2022. Durant aquests 18 mesos, es va buscar potenciar i consolidar les xarxes existents d&#8217;analistes d&#8217;incendis, \u00e9s a dir, de professionals d&#8217;incendis forestals especialitzats en An\u00e0lisi i Avaluaci\u00f3 d&#8217;Incendis a tot Europa. L&#8217;An\u00e0lisi i Avaluaci\u00f3 d&#8217;incendis \u00e9s una disciplina que recopila coneixement [&hellip;]","og_url":"https:\/\/www.paucostafoundation.org\/ca\/afan-focalitzant-en-els-analistes-dincendis\/","og_site_name":"Pau Costa Foundation","article_published_time":"2023-09-26T13:19:57+00:00","article_modified_time":"2023-09-29T07:44:30+00:00","og_image":[{"width":1155,"height":861,"url":"https:\/\/www.paucostafoundation.org\/wp-content\/uploads\/2023\/09\/AFAN-1-1.png","type":"image\/png"}],"author":"Ariadna Goenaga","twitter_card":"summary_large_image","twitter_misc":{"Escrit per":"Ariadna Goenaga","Temps estimat de lectura":"3 minuts"},"schema":{"@context":"https:\/\/schema.org","@graph":[{"@type":"Article","@id":"https:\/\/www.paucostafoundation.org\/ca\/afan-focalitzant-en-els-analistes-dincendis\/#article","isPartOf":{"@id":"https:\/\/www.paucostafoundation.org\/ca\/afan-focalitzant-en-els-analistes-dincendis\/"},"author":{"name":"Ariadna Goenaga","@id":"https:\/\/www.paucostafoundation.org\/ca\/#\/schema\/person\/a99d245ae7b17eca82ca4e47fb514a7c"},"headline":"AFAN, focalitzant en els analistes d&#8217;incendis","datePublished":"2023-09-26T13:19:57+00:00","dateModified":"2023-09-29T07:44:30+00:00","mainEntityOfPage":{"@id":"https:\/\/www.paucostafoundation.org\/ca\/afan-focalitzant-en-els-analistes-dincendis\/"},"wordCount":623,"commentCount":0,"publisher":{"@id":"https:\/\/www.paucostafoundation.org\/ca\/#organization"},"image":{"@id":"https:\/\/www.paucostafoundation.org\/ca\/afan-focalitzant-en-els-analistes-dincendis\/#primaryimage"},"thumbnailUrl":"https:\/\/www.paucostafoundation.org\/wp-content\/uploads\/2023\/09\/AFAN-1-1.png","articleSection":["Actualidad CA","Blog CA"],"inLanguage":"ca","potentialAction":[{"@type":"CommentAction","name":"Comment","target":["https:\/\/www.paucostafoundation.org\/ca\/afan-focalitzant-en-els-analistes-dincendis\/#respond"]}]},{"@type":"WebPage","@id":"https:\/\/www.paucostafoundation.org\/ca\/afan-focalitzant-en-els-analistes-dincendis\/","url":"https:\/\/www.paucostafoundation.org\/ca\/afan-focalitzant-en-els-analistes-dincendis\/","name":"AFAN, focalitzant en els analistes d'incendis","isPartOf":{"@id":"https:\/\/www.paucostafoundation.org\/ca\/#website"},"primaryImageOfPage":{"@id":"https:\/\/www.paucostafoundation.org\/ca\/afan-focalitzant-en-els-analistes-dincendis\/#primaryimage"},"image":{"@id":"https:\/\/www.paucostafoundation.org\/ca\/afan-focalitzant-en-els-analistes-dincendis\/#primaryimage"},"thumbnailUrl":"https:\/\/www.paucostafoundation.org\/wp-content\/uploads\/2023\/09\/AFAN-1-1.png","datePublished":"2023-09-26T13:19:57+00:00","dateModified":"2023-09-29T07:44:30+00:00","breadcrumb":{"@id":"https:\/\/www.paucostafoundation.org\/ca\/afan-focalitzant-en-els-analistes-dincendis\/#breadcrumb"},"inLanguage":"ca","potentialAction":[{"@type":"ReadAction","target":["https:\/\/www.paucostafoundation.org\/ca\/afan-focalitzant-en-els-analistes-dincendis\/"]}]},{"@type":"ImageObject","inLanguage":"ca","@id":"https:\/\/www.paucostafoundation.org\/ca\/afan-focalitzant-en-els-analistes-dincendis\/#primaryimage","url":"https:\/\/www.paucostafoundation.org\/wp-content\/uploads\/2023\/09\/AFAN-1-1.png","contentUrl":"https:\/\/www.paucostafoundation.org\/wp-content\/uploads\/2023\/09\/AFAN-1-1.png","width":1155,"height":861},{"@type":"BreadcrumbList","@id":"https:\/\/www.paucostafoundation.org\/ca\/afan-focalitzant-en-els-analistes-dincendis\/#breadcrumb","itemListElement":[{"@type":"ListItem","position":1,"name":"Inicio","item":"https:\/\/www.paucostafoundation.org\/ca\/"},{"@type":"ListItem","position":2,"name":"AFAN, focalitzant en els analistes d&#8217;incendis"}]},{"@type":"WebSite","@id":"https:\/\/www.paucostafoundation.org\/ca\/#website","url":"https:\/\/www.paucostafoundation.org\/ca\/","name":"Pau Costa Foundation","description":"CONCIENCIA E INVESTIGA LOS INCENDIOS FORESTALES","publisher":{"@id":"https:\/\/www.paucostafoundation.org\/ca\/#organization"},"potentialAction":[{"@type":"SearchAction","target":{"@type":"EntryPoint","urlTemplate":"https:\/\/www.paucostafoundation.org\/ca\/?s={search_term_string}"},"query-input":{"@type":"PropertyValueSpecification","valueRequired":true,"valueName":"search_term_string"}}],"inLanguage":"ca"},{"@type":"Organization","@id":"https:\/\/www.paucostafoundation.org\/ca\/#organization","name":"Pau Costa Foundation","url":"https:\/\/www.paucostafoundation.org\/ca\/","logo":{"@type":"ImageObject","inLanguage":"ca","@id":"https:\/\/www.paucostafoundation.org\/ca\/#\/schema\/logo\/image\/","url":"https:\/\/paucostafoundation.digitalnature.es\/wp-content\/uploads\/2021\/06\/logo.png","contentUrl":"https:\/\/paucostafoundation.digitalnature.es\/wp-content\/uploads\/2021\/06\/logo.png","width":873,"height":358,"caption":"Pau Costa Foundation"},"image":{"@id":"https:\/\/www.paucostafoundation.org\/ca\/#\/schema\/logo\/image\/"}},{"@type":"Person","@id":"https:\/\/www.paucostafoundation.org\/ca\/#\/schema\/person\/a99d245ae7b17eca82ca4e47fb514a7c","name":"Ariadna Goenaga"}]}},"_links":{"self":[{"href":"https:\/\/www.paucostafoundation.org\/ca\/wp-json\/wp\/v2\/posts\/13346","targetHints":{"allow":["GET"]}}],"collection":[{"href":"https:\/\/www.paucostafoundation.org\/ca\/wp-json\/wp\/v2\/posts"}],"about":[{"href":"https:\/\/www.paucostafoundation.org\/ca\/wp-json\/wp\/v2\/types\/post"}],"author":[{"embeddable":true,"href":"https:\/\/www.paucostafoundation.org\/ca\/wp-json\/wp\/v2\/users\/12"}],"replies":[{"embeddable":true,"href":"https:\/\/www.paucostafoundation.org\/ca\/wp-json\/wp\/v2\/comments?post=13346"}],"version-history":[{"count":3,"href":"https:\/\/www.paucostafoundation.org\/ca\/wp-json\/wp\/v2\/posts\/13346\/revisions"}],"predecessor-version":[{"id":13371,"href":"https:\/\/www.paucostafoundation.org\/ca\/wp-json\/wp\/v2\/posts\/13346\/revisions\/13371"}],"wp:featuredmedia":[{"embeddable":true,"href":"https:\/\/www.paucostafoundation.org\/ca\/wp-json\/wp\/v2\/media\/13341"}],"wp:attachment":[{"href":"https:\/\/www.paucostafoundation.org\/ca\/wp-json\/wp\/v2\/media?parent=13346"}],"wp:term":[{"taxonomy":"category","embeddable":true,"href":"https:\/\/www.paucostafoundation.org\/ca\/wp-json\/wp\/v2\/categories?post=13346"},{"taxonomy":"post_tag","embeddable":true,"href":"https:\/\/www.paucostafoundation.org\/ca\/wp-json\/wp\/v2\/tags?post=13346"}],"curies":[{"name":"wp","href":"https:\/\/api.w.org\/{rel}","templated":true}]}}