{"id":11867,"date":"2023-06-16T08:07:14","date_gmt":"2023-06-16T08:07:14","guid":{"rendered":"https:\/\/www.paucostafoundation.org\/?p=11867"},"modified":"2023-06-16T08:07:16","modified_gmt":"2023-06-16T08:07:16","slug":"el-projecte-ramats-de-foc-al-sonar-festival","status":"publish","type":"post","link":"https:\/\/www.paucostafoundation.org\/ca\/el-projecte-ramats-de-foc-al-sonar-festival\/","title":{"rendered":"El projecte &#8220;Ramats de Foc&#8221; al S\u00f3nar Festival"},"content":{"rendered":"\n<p><a href=\"https:\/\/sonar.es\/ca\" target=\"_blank\" rel=\"noreferrer noopener\">S\u00f3nar Festival<\/a>, sota el seu compr\u00eds pel planeta, el medi ambient, i les persones, ha escollit treballar amb el projecte <a href=\"https:\/\/www.ramatsdefoc.org\/ca\/\" target=\"_blank\" rel=\"noreferrer noopener\">Ramats de Foc<\/a> en el seu trent\u00e8 aniversari.<\/p>\n\n\n\n<p>Aquest any, el festival far\u00e0 una donaci\u00f3 al projecte <a href=\"https:\/\/www.ramatsdefoc.org\/ca\/\" target=\"_blank\" rel=\"noreferrer noopener\">Ramats de Foc<\/a>, a favor del seu objectiu, potenciant la contribuci\u00f3 a la ramaderia extensiva en la prevenci\u00f3 i gesti\u00f3 del risc d\u2019incendis mitjan\u00e7ant la pastura de ramats. &nbsp;<\/p>\n\n\n\n<p>Durant el festival es podr\u00e0 degustar la vedella provinent de ramats adherits al projecte, concretament dels ramaders Llu\u00eds de la C\u00e1mara, Jordi Correro i Marta Carola, aix\u00ed com el formatge Saul\u00f3 de la granja <a href=\"http:\/\/www.lasegalla.cat\" target=\"_blank\" rel=\"noreferrer noopener\">La Segalla<\/a>.&nbsp;<\/p>\n\n\n\n<p>Pots consultar l&#8217;apartat &#8220;Compromisos&#8221; del S\u00f3nar Festival al seg\u00fcent <a href=\"https:\/\/sonar.es\/ca\/about\/compromisos\" target=\"_blank\" rel=\"noreferrer noopener\">enlla\u00e7<\/a>.<\/p>\n","protected":false},"excerpt":{"rendered":"<p>S\u00f3nar Festival, sota el seu compr\u00eds pel planeta, el medi ambient, i les persones, ha escollit treballar amb el projecte Ramats de Foc en el seu trent\u00e8 aniversari. Aquest any, el festival far\u00e0 una donaci\u00f3 al projecte Ramats de Foc, a favor del seu objectiu, potenciant la contribuci\u00f3 a la ramaderia extensiva en la prevenci\u00f3 [&hellip;]<\/p>\n","protected":false},"author":12,"featured_media":11864,"comment_status":"open","ping_status":"open","sticky":false,"template":"","format":"standard","meta":{"_acf_changed":false,"give_campaign_id":0,"footnotes":""},"categories":[84],"tags":[],"class_list":["post-11867","post","type-post","status-publish","format-standard","has-post-thumbnail","hentry","category-blog-ca"],"acf":[],"yoast_head":"<!-- This site is optimized with the Yoast SEO plugin v26.3 - https:\/\/yoast.com\/wordpress\/plugins\/seo\/ -->\n<title>El projecte &quot;Ramats de Foc&quot; al S\u00f3nar Festival<\/title>\n<meta name=\"robots\" content=\"index, follow, max-snippet:-1, max-image-preview:large, max-video-preview:-1\" \/>\n<link rel=\"canonical\" href=\"https:\/\/www.paucostafoundation.org\/ca\/el-projecte-ramats-de-foc-al-sonar-festival\/\" \/>\n<meta property=\"og:locale\" content=\"ca_ES\" \/>\n<meta property=\"og:type\" content=\"article\" \/>\n<meta property=\"og:title\" content=\"El projecte &quot;Ramats de Foc&quot; al S\u00f3nar Festival\" \/>\n<meta property=\"og:description\" content=\"S\u00f3nar Festival, sota el seu compr\u00eds pel planeta, el medi ambient, i les persones, ha escollit treballar amb el projecte Ramats de Foc en el seu trent\u00e8 aniversari. Aquest any, el festival far\u00e0 una donaci\u00f3 al projecte Ramats de Foc, a favor del seu objectiu, potenciant la contribuci\u00f3 a la ramaderia extensiva en la prevenci\u00f3 [&hellip;]\" \/>\n<meta property=\"og:url\" content=\"https:\/\/www.paucostafoundation.org\/ca\/el-projecte-ramats-de-foc-al-sonar-festival\/\" \/>\n<meta property=\"og:site_name\" content=\"Pau Costa Foundation\" \/>\n<meta property=\"article:published_time\" content=\"2023-06-16T08:07:14+00:00\" \/>\n<meta property=\"article:modified_time\" content=\"2023-06-16T08:07:16+00:00\" \/>\n<meta property=\"og:image\" content=\"https:\/\/www.paucostafoundation.org\/wp-content\/uploads\/2023\/06\/Disseny-sense-titol-13-863x1024.png\" \/>\n\t<meta property=\"og:image:width\" content=\"863\" \/>\n\t<meta property=\"og:image:height\" content=\"1024\" \/>\n\t<meta property=\"og:image:type\" content=\"image\/png\" \/>\n<meta name=\"author\" content=\"Ariadna Goenaga\" \/>\n<meta name=\"twitter:card\" content=\"summary_large_image\" \/>\n<meta name=\"twitter:label1\" content=\"Escrit per\" \/>\n\t<meta name=\"twitter:data1\" content=\"Ariadna Goenaga\" \/>\n\t<meta name=\"twitter:label2\" content=\"Temps estimat de lectura\" \/>\n\t<meta name=\"twitter:data2\" content=\"1 minut\" \/>\n<script type=\"application\/ld+json\" class=\"yoast-schema-graph\">{\"@context\":\"https:\/\/schema.org\",\"@graph\":[{\"@type\":\"Article\",\"@id\":\"https:\/\/www.paucostafoundation.org\/ca\/el-projecte-ramats-de-foc-al-sonar-festival\/#article\",\"isPartOf\":{\"@id\":\"https:\/\/www.paucostafoundation.org\/ca\/el-projecte-ramats-de-foc-al-sonar-festival\/\"},\"author\":{\"name\":\"Ariadna Goenaga\",\"@id\":\"https:\/\/www.paucostafoundation.org\/ca\/#\/schema\/person\/a99d245ae7b17eca82ca4e47fb514a7c\"},\"headline\":\"El projecte &#8220;Ramats de Foc&#8221; al S\u00f3nar Festival\",\"datePublished\":\"2023-06-16T08:07:14+00:00\",\"dateModified\":\"2023-06-16T08:07:16+00:00\",\"mainEntityOfPage\":{\"@id\":\"https:\/\/www.paucostafoundation.org\/ca\/el-projecte-ramats-de-foc-al-sonar-festival\/\"},\"wordCount\":130,\"commentCount\":0,\"publisher\":{\"@id\":\"https:\/\/www.paucostafoundation.org\/ca\/#organization\"},\"image\":{\"@id\":\"https:\/\/www.paucostafoundation.org\/ca\/el-projecte-ramats-de-foc-al-sonar-festival\/#primaryimage\"},\"thumbnailUrl\":\"https:\/\/www.paucostafoundation.org\/wp-content\/uploads\/2023\/06\/Disseny-sense-titol-13.png\",\"articleSection\":[\"Blog CA\"],\"inLanguage\":\"ca\",\"potentialAction\":[{\"@type\":\"CommentAction\",\"name\":\"Comment\",\"target\":[\"https:\/\/www.paucostafoundation.org\/ca\/el-projecte-ramats-de-foc-al-sonar-festival\/#respond\"]}]},{\"@type\":\"WebPage\",\"@id\":\"https:\/\/www.paucostafoundation.org\/ca\/el-projecte-ramats-de-foc-al-sonar-festival\/\",\"url\":\"https:\/\/www.paucostafoundation.org\/ca\/el-projecte-ramats-de-foc-al-sonar-festival\/\",\"name\":\"El projecte \\\"Ramats de Foc\\\" al S\u00f3nar Festival\",\"isPartOf\":{\"@id\":\"https:\/\/www.paucostafoundation.org\/ca\/#website\"},\"primaryImageOfPage\":{\"@id\":\"https:\/\/www.paucostafoundation.org\/ca\/el-projecte-ramats-de-foc-al-sonar-festival\/#primaryimage\"},\"image\":{\"@id\":\"https:\/\/www.paucostafoundation.org\/ca\/el-projecte-ramats-de-foc-al-sonar-festival\/#primaryimage\"},\"thumbnailUrl\":\"https:\/\/www.paucostafoundation.org\/wp-content\/uploads\/2023\/06\/Disseny-sense-titol-13.png\",\"datePublished\":\"2023-06-16T08:07:14+00:00\",\"dateModified\":\"2023-06-16T08:07:16+00:00\",\"breadcrumb\":{\"@id\":\"https:\/\/www.paucostafoundation.org\/ca\/el-projecte-ramats-de-foc-al-sonar-festival\/#breadcrumb\"},\"inLanguage\":\"ca\",\"potentialAction\":[{\"@type\":\"ReadAction\",\"target\":[\"https:\/\/www.paucostafoundation.org\/ca\/el-projecte-ramats-de-foc-al-sonar-festival\/\"]}]},{\"@type\":\"ImageObject\",\"inLanguage\":\"ca\",\"@id\":\"https:\/\/www.paucostafoundation.org\/ca\/el-projecte-ramats-de-foc-al-sonar-festival\/#primaryimage\",\"url\":\"https:\/\/www.paucostafoundation.org\/wp-content\/uploads\/2023\/06\/Disseny-sense-titol-13.png\",\"contentUrl\":\"https:\/\/www.paucostafoundation.org\/wp-content\/uploads\/2023\/06\/Disseny-sense-titol-13.png\",\"width\":1070,\"height\":1270},{\"@type\":\"BreadcrumbList\",\"@id\":\"https:\/\/www.paucostafoundation.org\/ca\/el-projecte-ramats-de-foc-al-sonar-festival\/#breadcrumb\",\"itemListElement\":[{\"@type\":\"ListItem\",\"position\":1,\"name\":\"Inicio\",\"item\":\"https:\/\/www.paucostafoundation.org\/ca\/\"},{\"@type\":\"ListItem\",\"position\":2,\"name\":\"El projecte \u00abRamats de Foc\u00bb al S\u00f3nar Festival\"}]},{\"@type\":\"WebSite\",\"@id\":\"https:\/\/www.paucostafoundation.org\/ca\/#website\",\"url\":\"https:\/\/www.paucostafoundation.org\/ca\/\",\"name\":\"Pau Costa Foundation\",\"description\":\"CONCIENCIA E INVESTIGA LOS INCENDIOS FORESTALES\",\"publisher\":{\"@id\":\"https:\/\/www.paucostafoundation.org\/ca\/#organization\"},\"potentialAction\":[{\"@type\":\"SearchAction\",\"target\":{\"@type\":\"EntryPoint\",\"urlTemplate\":\"https:\/\/www.paucostafoundation.org\/ca\/?s={search_term_string}\"},\"query-input\":{\"@type\":\"PropertyValueSpecification\",\"valueRequired\":true,\"valueName\":\"search_term_string\"}}],\"inLanguage\":\"ca\"},{\"@type\":\"Organization\",\"@id\":\"https:\/\/www.paucostafoundation.org\/ca\/#organization\",\"name\":\"Pau Costa Foundation\",\"url\":\"https:\/\/www.paucostafoundation.org\/ca\/\",\"logo\":{\"@type\":\"ImageObject\",\"inLanguage\":\"ca\",\"@id\":\"https:\/\/www.paucostafoundation.org\/ca\/#\/schema\/logo\/image\/\",\"url\":\"https:\/\/paucostafoundation.digitalnature.es\/wp-content\/uploads\/2021\/06\/logo.png\",\"contentUrl\":\"https:\/\/paucostafoundation.digitalnature.es\/wp-content\/uploads\/2021\/06\/logo.png\",\"width\":873,\"height\":358,\"caption\":\"Pau Costa Foundation\"},\"image\":{\"@id\":\"https:\/\/www.paucostafoundation.org\/ca\/#\/schema\/logo\/image\/\"}},{\"@type\":\"Person\",\"@id\":\"https:\/\/www.paucostafoundation.org\/ca\/#\/schema\/person\/a99d245ae7b17eca82ca4e47fb514a7c\",\"name\":\"Ariadna Goenaga\"}]}<\/script>\n<!-- \/ Yoast SEO plugin. -->","yoast_head_json":{"title":"El projecte \"Ramats de Foc\" al S\u00f3nar Festival","robots":{"index":"index","follow":"follow","max-snippet":"max-snippet:-1","max-image-preview":"max-image-preview:large","max-video-preview":"max-video-preview:-1"},"canonical":"https:\/\/www.paucostafoundation.org\/ca\/el-projecte-ramats-de-foc-al-sonar-festival\/","og_locale":"ca_ES","og_type":"article","og_title":"El projecte \"Ramats de Foc\" al S\u00f3nar Festival","og_description":"S\u00f3nar Festival, sota el seu compr\u00eds pel planeta, el medi ambient, i les persones, ha escollit treballar amb el projecte Ramats de Foc en el seu trent\u00e8 aniversari. Aquest any, el festival far\u00e0 una donaci\u00f3 al projecte Ramats de Foc, a favor del seu objectiu, potenciant la contribuci\u00f3 a la ramaderia extensiva en la prevenci\u00f3 [&hellip;]","og_url":"https:\/\/www.paucostafoundation.org\/ca\/el-projecte-ramats-de-foc-al-sonar-festival\/","og_site_name":"Pau Costa Foundation","article_published_time":"2023-06-16T08:07:14+00:00","article_modified_time":"2023-06-16T08:07:16+00:00","og_image":[{"width":863,"height":1024,"url":"https:\/\/www.paucostafoundation.org\/wp-content\/uploads\/2023\/06\/Disseny-sense-titol-13-863x1024.png","type":"image\/png"}],"author":"Ariadna Goenaga","twitter_card":"summary_large_image","twitter_misc":{"Escrit per":"Ariadna Goenaga","Temps estimat de lectura":"1 minut"},"schema":{"@context":"https:\/\/schema.org","@graph":[{"@type":"Article","@id":"https:\/\/www.paucostafoundation.org\/ca\/el-projecte-ramats-de-foc-al-sonar-festival\/#article","isPartOf":{"@id":"https:\/\/www.paucostafoundation.org\/ca\/el-projecte-ramats-de-foc-al-sonar-festival\/"},"author":{"name":"Ariadna Goenaga","@id":"https:\/\/www.paucostafoundation.org\/ca\/#\/schema\/person\/a99d245ae7b17eca82ca4e47fb514a7c"},"headline":"El projecte &#8220;Ramats de Foc&#8221; al S\u00f3nar Festival","datePublished":"2023-06-16T08:07:14+00:00","dateModified":"2023-06-16T08:07:16+00:00","mainEntityOfPage":{"@id":"https:\/\/www.paucostafoundation.org\/ca\/el-projecte-ramats-de-foc-al-sonar-festival\/"},"wordCount":130,"commentCount":0,"publisher":{"@id":"https:\/\/www.paucostafoundation.org\/ca\/#organization"},"image":{"@id":"https:\/\/www.paucostafoundation.org\/ca\/el-projecte-ramats-de-foc-al-sonar-festival\/#primaryimage"},"thumbnailUrl":"https:\/\/www.paucostafoundation.org\/wp-content\/uploads\/2023\/06\/Disseny-sense-titol-13.png","articleSection":["Blog CA"],"inLanguage":"ca","potentialAction":[{"@type":"CommentAction","name":"Comment","target":["https:\/\/www.paucostafoundation.org\/ca\/el-projecte-ramats-de-foc-al-sonar-festival\/#respond"]}]},{"@type":"WebPage","@id":"https:\/\/www.paucostafoundation.org\/ca\/el-projecte-ramats-de-foc-al-sonar-festival\/","url":"https:\/\/www.paucostafoundation.org\/ca\/el-projecte-ramats-de-foc-al-sonar-festival\/","name":"El projecte \"Ramats de Foc\" al S\u00f3nar Festival","isPartOf":{"@id":"https:\/\/www.paucostafoundation.org\/ca\/#website"},"primaryImageOfPage":{"@id":"https:\/\/www.paucostafoundation.org\/ca\/el-projecte-ramats-de-foc-al-sonar-festival\/#primaryimage"},"image":{"@id":"https:\/\/www.paucostafoundation.org\/ca\/el-projecte-ramats-de-foc-al-sonar-festival\/#primaryimage"},"thumbnailUrl":"https:\/\/www.paucostafoundation.org\/wp-content\/uploads\/2023\/06\/Disseny-sense-titol-13.png","datePublished":"2023-06-16T08:07:14+00:00","dateModified":"2023-06-16T08:07:16+00:00","breadcrumb":{"@id":"https:\/\/www.paucostafoundation.org\/ca\/el-projecte-ramats-de-foc-al-sonar-festival\/#breadcrumb"},"inLanguage":"ca","potentialAction":[{"@type":"ReadAction","target":["https:\/\/www.paucostafoundation.org\/ca\/el-projecte-ramats-de-foc-al-sonar-festival\/"]}]},{"@type":"ImageObject","inLanguage":"ca","@id":"https:\/\/www.paucostafoundation.org\/ca\/el-projecte-ramats-de-foc-al-sonar-festival\/#primaryimage","url":"https:\/\/www.paucostafoundation.org\/wp-content\/uploads\/2023\/06\/Disseny-sense-titol-13.png","contentUrl":"https:\/\/www.paucostafoundation.org\/wp-content\/uploads\/2023\/06\/Disseny-sense-titol-13.png","width":1070,"height":1270},{"@type":"BreadcrumbList","@id":"https:\/\/www.paucostafoundation.org\/ca\/el-projecte-ramats-de-foc-al-sonar-festival\/#breadcrumb","itemListElement":[{"@type":"ListItem","position":1,"name":"Inicio","item":"https:\/\/www.paucostafoundation.org\/ca\/"},{"@type":"ListItem","position":2,"name":"El projecte \u00abRamats de Foc\u00bb al S\u00f3nar Festival"}]},{"@type":"WebSite","@id":"https:\/\/www.paucostafoundation.org\/ca\/#website","url":"https:\/\/www.paucostafoundation.org\/ca\/","name":"Pau Costa Foundation","description":"CONCIENCIA E INVESTIGA LOS INCENDIOS FORESTALES","publisher":{"@id":"https:\/\/www.paucostafoundation.org\/ca\/#organization"},"potentialAction":[{"@type":"SearchAction","target":{"@type":"EntryPoint","urlTemplate":"https:\/\/www.paucostafoundation.org\/ca\/?s={search_term_string}"},"query-input":{"@type":"PropertyValueSpecification","valueRequired":true,"valueName":"search_term_string"}}],"inLanguage":"ca"},{"@type":"Organization","@id":"https:\/\/www.paucostafoundation.org\/ca\/#organization","name":"Pau Costa Foundation","url":"https:\/\/www.paucostafoundation.org\/ca\/","logo":{"@type":"ImageObject","inLanguage":"ca","@id":"https:\/\/www.paucostafoundation.org\/ca\/#\/schema\/logo\/image\/","url":"https:\/\/paucostafoundation.digitalnature.es\/wp-content\/uploads\/2021\/06\/logo.png","contentUrl":"https:\/\/paucostafoundation.digitalnature.es\/wp-content\/uploads\/2021\/06\/logo.png","width":873,"height":358,"caption":"Pau Costa Foundation"},"image":{"@id":"https:\/\/www.paucostafoundation.org\/ca\/#\/schema\/logo\/image\/"}},{"@type":"Person","@id":"https:\/\/www.paucostafoundation.org\/ca\/#\/schema\/person\/a99d245ae7b17eca82ca4e47fb514a7c","name":"Ariadna Goenaga"}]}},"_links":{"self":[{"href":"https:\/\/www.paucostafoundation.org\/ca\/wp-json\/wp\/v2\/posts\/11867","targetHints":{"allow":["GET"]}}],"collection":[{"href":"https:\/\/www.paucostafoundation.org\/ca\/wp-json\/wp\/v2\/posts"}],"about":[{"href":"https:\/\/www.paucostafoundation.org\/ca\/wp-json\/wp\/v2\/types\/post"}],"author":[{"embeddable":true,"href":"https:\/\/www.paucostafoundation.org\/ca\/wp-json\/wp\/v2\/users\/12"}],"replies":[{"embeddable":true,"href":"https:\/\/www.paucostafoundation.org\/ca\/wp-json\/wp\/v2\/comments?post=11867"}],"version-history":[{"count":1,"href":"https:\/\/www.paucostafoundation.org\/ca\/wp-json\/wp\/v2\/posts\/11867\/revisions"}],"predecessor-version":[{"id":11868,"href":"https:\/\/www.paucostafoundation.org\/ca\/wp-json\/wp\/v2\/posts\/11867\/revisions\/11868"}],"wp:featuredmedia":[{"embeddable":true,"href":"https:\/\/www.paucostafoundation.org\/ca\/wp-json\/wp\/v2\/media\/11864"}],"wp:attachment":[{"href":"https:\/\/www.paucostafoundation.org\/ca\/wp-json\/wp\/v2\/media?parent=11867"}],"wp:term":[{"taxonomy":"category","embeddable":true,"href":"https:\/\/www.paucostafoundation.org\/ca\/wp-json\/wp\/v2\/categories?post=11867"},{"taxonomy":"post_tag","embeddable":true,"href":"https:\/\/www.paucostafoundation.org\/ca\/wp-json\/wp\/v2\/tags?post=11867"}],"curies":[{"name":"wp","href":"https:\/\/api.w.org\/{rel}","templated":true}]}}